{"id":4913,"date":"2026-08-20T15:38:02","date_gmt":"2026-08-20T14:38:02","guid":{"rendered":"https:\/\/nublo.tv\/?p=4913"},"modified":"2026-08-29T08:57:49","modified_gmt":"2026-08-29T07:57:49","slug":"la-aldea-de-san-nicolas-baila-junto-al-talento-de-mas-de-70-pequenos-artistas-en-la-tradicional-escala-en-hi-fi-infantil","status":"publish","type":"post","link":"https:\/\/nublo.tv\/index.php\/2026\/08\/20\/la-aldea-de-san-nicolas-baila-junto-al-talento-de-mas-de-70-pequenos-artistas-en-la-tradicional-escala-en-hi-fi-infantil\/","title":{"rendered":"La Aldea de San Nicol\u00e1s baila junto al talento de m\u00e1s de 70 peque\u00f1os artistas en la tradicional Escala en Hi-Fi Infantil"},"content":{"rendered":"<p><span style=\"font-weight: 400\">El municipio de La Aldea de San Nicol\u00e1s celebr\u00f3 este mi\u00e9rcoles uno de los actos m\u00e1s esperados y emotivos de sus Fiestas Patronales en honor a San Nicol\u00e1s de Tolentino: la popular Escala en Hi-Fi Infantil. La Plaza del Proyecto de Desarrollo Comunitario se convirti\u00f3 a las 20:30 horas en el epicentro del talento y la alegr\u00eda local, reuniendo a numerosos vecinos y familias para presenciar un espect\u00e1culo inolvidable.<\/span><\/p>\n<p><span style=\"font-weight: 400\">La jornada desbord\u00f3 dinamismo y creatividad sobre el escenario gracias a la implicaci\u00f3n de 71 ni\u00f1os y ni\u00f1as de La Aldea, con edades comprendidas entre los 2 y los 13 a\u00f1os, apoyados en todo momento por el pilar fundamental de sus familias, cuya dedicaci\u00f3n e implicaci\u00f3n han sido clave para hacerla posible. Tras semanas de ensayos y preparaci\u00f3n, los j\u00f3venes artistas deleitaron al p\u00fablico con una colorida propuesta basada en m\u00fasica variada de diferentes pa\u00edses, combinando ritmos, coreograf\u00edas y un contagioso sentido de la diversi\u00f3n que hizo disfrutar a todos los asistentes.<\/span><\/p>\n<p><span style=\"font-weight: 400\">La propuesta cont\u00f3 con un cuidado trabajo de coordinaci\u00f3n art\u00edstica dirigido por la directora Soraya Godoy, que logr\u00f3 transformar el entusiasmo de los m\u00e1s peque\u00f1os en un aut\u00e9ntico recital de arte y convivencia sobre el escenario. Asimismo, cont\u00f3 con una visita muy especial; Acerina, la mu\u00f1eca encargada de visibilizar todo el patrimonio hist\u00f3rico del municipio, quien hizo su aparici\u00f3n en el escenario para sumarse a la celebraci\u00f3n, subrayando la relevancia de la Escala en Hi-Fi como uno de los eventos m\u00e1s destacados y representativos del programa de las fiestas patronales.\u00a0<\/span><\/p>\n<p><span style=\"font-weight: 400\">Adem\u00e1s, el espect\u00e1culo pudo ser seguido en directo gracias a la retransmisi\u00f3n realizada por Nortevisi\u00f3n, un esfuerzo t\u00e9cnico que permiti\u00f3 acercarlo a familiares, vecinos y allegados que no pudieron acudir de forma presencial. Gracias a esta emisi\u00f3n, La Aldea pudo ser vista este mi\u00e9rcoles desde cualquier parte del mundo, proyectando internacionalmente el talento y la alegr\u00eda de su gente.\u00a0<\/span><\/p>\n<p><span style=\"font-weight: 400\">\u201cEste tipo de encuentros demuestran la ilusi\u00f3n, el esfuerzo y el enorme talento que tienen nuestros ni\u00f1os y ni\u00f1as. Llevan semanas ensayando con much\u00edsima dedicaci\u00f3n para regalarnos una noche inolvidable que nos llena de orgullo a todos\u201d, ha destacado la concejala de Festejos del Ayuntamiento de La Aldea, Leandra Delgado, quien ha se\u00f1alado tambi\u00e9n el valor cultural y comunitario que tiene mantener viva esta entra\u00f1able tradici\u00f3n dentro de los festejos patronales.<\/span><\/p>\n<p><span style=\"font-weight: 400\">El Ayuntamiento de La Aldea de San Nicol\u00e1s contin\u00faa reforzando as\u00ed su compromiso con las tradiciones del municipio, promoviendo espacios l\u00fadicos y culturales que fomentan la participaci\u00f3n de los m\u00e1s j\u00f3venes y consolidan la uni\u00f3n vecinal en las fiestas del municipio.<\/span><\/p>\n<p>es\u00bb>La Aldea<\/a>.<\/p>\n","protected":false},"excerpt":{"rendered":"<p>El municipio de La Aldea de San Nicol\u00e1s celebr\u00f3 este mi\u00e9rcoles uno de los actos m\u00e1s esperados y emotivos de sus Fiestas Patronales en honor a San Nicol\u00e1s de Tolentino:&hellip;<\/p>\n","protected":false},"author":1,"featured_media":4920,"comment_status":"open","ping_status":"open","sticky":false,"template":"","format":"standard","meta":{"wpai_generated_summary":"","wpai_meta_description":"","footnotes":""},"categories":[131],"tags":[],"class_list":["post-4913","post","type-post","status-publish","format-standard","has-post-thumbnail","hentry","category-ayuntamiento-de-la-aldea-de-san-nicolas"],"_links":{"self":[{"href":"https:\/\/nublo.tv\/index.php\/wp-json\/wp\/v2\/posts\/4913","targetHints":{"allow":["GET"]}}],"collection":[{"href":"https:\/\/nublo.tv\/index.php\/wp-json\/wp\/v2\/posts"}],"about":[{"href":"https:\/\/nublo.tv\/index.php\/wp-json\/wp\/v2\/types\/post"}],"author":[{"embeddable":true,"href":"https:\/\/nublo.tv\/index.php\/wp-json\/wp\/v2\/users\/1"}],"replies":[{"embeddable":true,"href":"https:\/\/nublo.tv\/index.php\/wp-json\/wp\/v2\/comments?post=4913"}],"version-history":[{"count":2,"href":"https:\/\/nublo.tv\/index.php\/wp-json\/wp\/v2\/posts\/4913\/revisions"}],"predecessor-version":[{"id":18134,"href":"https:\/\/nublo.tv\/index.php\/wp-json\/wp\/v2\/posts\/4913\/revisions\/18134"}],"wp:featuredmedia":[{"embeddable":true,"href":"https:\/\/nublo.tv\/index.php\/wp-json\/wp\/v2\/media\/4920"}],"wp:attachment":[{"href":"https:\/\/nublo.tv\/index.php\/wp-json\/wp\/v2\/media?parent=4913"}],"wp:term":[{"taxonomy":"category","embeddable":true,"href":"https:\/\/nublo.tv\/index.php\/wp-json\/wp\/v2\/categories?post=4913"},{"taxonomy":"post_tag","embeddable":true,"href":"https:\/\/nublo.tv\/index.php\/wp-json\/wp\/v2\/tags?post=4913"}],"curies":[{"name":"wp","href":"https:\/\/api.w.org\/{rel}","templated":true}]}}