{"id":4915,"date":"2026-08-20T15:38:08","date_gmt":"2026-08-20T14:38:08","guid":{"rendered":"https:\/\/nublo.tv\/?p=4915"},"modified":"2026-08-27T12:35:28","modified_gmt":"2026-08-27T11:35:28","slug":"teror-recuerda-a-las-victimas-del-accidente-del-vuelo-jk5022-con-un-minuto-de-silencio","status":"publish","type":"post","link":"https:\/\/nublo.tv\/index.php\/2026\/08\/20\/teror-recuerda-a-las-victimas-del-accidente-del-vuelo-jk5022-con-un-minuto-de-silencio\/","title":{"rendered":"Teror recuerda a las v\u00edctimas del accidente del vuelo JK5022 con un minuto de silencio"},"content":{"rendered":"<p><strong>Este 20 de agosto se cumplen 18 a\u00f1os de fat\u00eddico accidente, donde pereci\u00f3n el joven terorense Ayoze Falc\u00f3n y su novia Cristina,\u00a0 junto a otras 152 personas.<\/strong><\/p>\n<p>El Ayuntamiento de Teror realiz\u00f3 este jueves 20 de agosto un minuto de silencio en memoria de las personas que perdieron la vida un d\u00eda como hoy de hace 18 a\u00f1os en el tr\u00e1gico accidente del vuelo JK5022 de Spanair en Barajas\u00a0 (Madrid), en el que tambi\u00e9n perdi\u00f3 la vida el joven terorense Ayoze Falc\u00f3n, junto a su novia Cristina.<\/p>\n<p><a href=\"https:\/\/teror.es\/wp-content\/uploads\/2026\/08\/20_minuto-silencio-accidenteJK50221-e1787236133952.jpeg\"><img loading=\"lazy\" decoding=\"async\" class=\"alignright size-vp_sm wp-image-99119\" src=\"https:\/\/teror.es\/wp-content\/uploads\/2026\/08\/20_minuto-silencio-accidenteJK50221-e1787236133952-500x335.jpeg\" alt=\"\" width=\"500\" height=\"335\" \/><\/a>El Consistorio terorense se ha solidarizado un a\u00f1o m\u00e1s con la Asociaci\u00f3n de Afectados del Vuelo JK5022, recordando aquel fat\u00eddico en el p\u00f3rtico de las Oficinas municipales, donde est\u00e1 instalada una placa de homenaje, junto a la que se ha colocado un ramo de flores.<\/p>\n<p class=\"mce\">Como cada a\u00f1o, este d\u00eda se celebran actos y ofrendas florales en Madrid y Gran Canaria en recuerdo de las 154 v\u00edctimas del accidente, una de las tragedias a\u00e9reas m\u00e1s graves ocurridas en Espa\u00f1a.<\/p>\n","protected":false},"excerpt":{"rendered":"<p>Este 20 de agosto se cumplen 18 a\u00f1os de fat\u00eddico accidente, donde pereci\u00f3n el joven terorense Ayoze Falc\u00f3n y su novia Cristina,\u00a0 junto a otras 152 personas. El Ayuntamiento de&hellip;<\/p>\n","protected":false},"author":1,"featured_media":4922,"comment_status":"open","ping_status":"open","sticky":false,"template":"","format":"standard","meta":{"wpai_generated_summary":"","wpai_meta_description":"","footnotes":""},"categories":[141],"tags":[],"class_list":["post-4915","post","type-post","status-publish","format-standard","has-post-thumbnail","hentry","category-ayuntamiento-de-teror"],"_links":{"self":[{"href":"https:\/\/nublo.tv\/index.php\/wp-json\/wp\/v2\/posts\/4915","targetHints":{"allow":["GET"]}}],"collection":[{"href":"https:\/\/nublo.tv\/index.php\/wp-json\/wp\/v2\/posts"}],"about":[{"href":"https:\/\/nublo.tv\/index.php\/wp-json\/wp\/v2\/types\/post"}],"author":[{"embeddable":true,"href":"https:\/\/nublo.tv\/index.php\/wp-json\/wp\/v2\/users\/1"}],"replies":[{"embeddable":true,"href":"https:\/\/nublo.tv\/index.php\/wp-json\/wp\/v2\/comments?post=4915"}],"version-history":[{"count":1,"href":"https:\/\/nublo.tv\/index.php\/wp-json\/wp\/v2\/posts\/4915\/revisions"}],"predecessor-version":[{"id":4921,"href":"https:\/\/nublo.tv\/index.php\/wp-json\/wp\/v2\/posts\/4915\/revisions\/4921"}],"wp:featuredmedia":[{"embeddable":true,"href":"https:\/\/nublo.tv\/index.php\/wp-json\/wp\/v2\/media\/4922"}],"wp:attachment":[{"href":"https:\/\/nublo.tv\/index.php\/wp-json\/wp\/v2\/media?parent=4915"}],"wp:term":[{"taxonomy":"category","embeddable":true,"href":"https:\/\/nublo.tv\/index.php\/wp-json\/wp\/v2\/categories?post=4915"},{"taxonomy":"post_tag","embeddable":true,"href":"https:\/\/nublo.tv\/index.php\/wp-json\/wp\/v2\/tags?post=4915"}],"curies":[{"name":"wp","href":"https:\/\/api.w.org\/{rel}","templated":true}]}}