{"id":4917,"date":"2026-08-20T15:38:12","date_gmt":"2026-08-20T14:38:12","guid":{"rendered":"https:\/\/nublo.tv\/?p=4917"},"modified":"2026-08-27T12:35:28","modified_gmt":"2026-08-27T11:35:28","slug":"jovenes-de-teror-visitaron-la-fortaleza-de-ansite-en-santa-lucia-de-tirajana","status":"publish","type":"post","link":"https:\/\/nublo.tv\/index.php\/2026\/08\/20\/jovenes-de-teror-visitaron-la-fortaleza-de-ansite-en-santa-lucia-de-tirajana\/","title":{"rendered":"J\u00f3venes de Teror visitaron La Fortaleza de Ansite en Santa Luc\u00eda de Tirajana"},"content":{"rendered":"<div><strong>La actividad incluida en la programaci\u00f3n \u201cEn verano, tu punto de conexi\u00f3n\u201d incluy\u00f3 una jornada de ocio en la piscina municipal.<\/strong><\/div>\n<div>La Concejal\u00eda de Juventud del Ayuntamiento de Teror realiz\u00f3 el pasado martes 18 de agosto una visita al Yacimiento Arqueol\u00f3gico de La Fortaleza de Ansite, que finaliz\u00f3 con una jornada de ocio y convivencia en la piscina municipal del casco de Santa Luc\u00eda de Tirajana.<\/div>\n<div class=\"x_elementToProof\" aria-hidden=\"true\"><\/div>\n<div class=\"x_elementToProof\">Un grupo de j\u00f3venes del municipio pudo conocer este importante enclave arqueol\u00f3gico de Gran Canaria a trav\u00e9s de una visita guiada en la que descubrieron parte de la historia de la isla, las diferentes teor\u00edas sobre La Fortaleza y el papel que tuvo este espacio durante la conquista castellana.\u00a0Tras finalizar la visita al yacimiento y al museo, el grupo se traslad\u00f3 hasta la piscina municipal de Santa Luc\u00eda de Tirajana casco, donde pudieron disfrutar de una jornada de ocio y convivencia.<\/div>\n<div><\/div>\n<div class=\"x_elementToProof\"><a href=\"https:\/\/teror.es\/wp-content\/uploads\/2026\/08\/20_excursion-Ansite.Joven5_-scaled.jpg\"><img loading=\"lazy\" decoding=\"async\" class=\"alignright size-vp_sm wp-image-99111\" src=\"https:\/\/teror.es\/wp-content\/uploads\/2026\/08\/20_excursion-Ansite.Joven5_-500x361.jpg\" alt=\"\" width=\"500\" height=\"361\" \/><\/a> <a href=\"https:\/\/teror.es\/wp-content\/uploads\/2026\/08\/20_excursion-Ansite.Joven7_-scaled.jpg\"><img loading=\"lazy\" decoding=\"async\" class=\"alignright size-vp_sm wp-image-99112\" src=\"https:\/\/teror.es\/wp-content\/uploads\/2026\/08\/20_excursion-Ansite.Joven7_-500x375.jpg\" alt=\"\" width=\"500\" height=\"375\" \/><\/a>Esta actividad forma parte de la programaci\u00f3n \u201cEn verano, tu punto de conexi\u00f3n\u201d, desarrollada por la Concejal\u00eda de Juventud durante los meses de julio y agosto, y que cuenta con la colaboraci\u00f3n econ\u00f3mica de la Consejer\u00eda de Educaci\u00f3n y Juventud del Cabildo de Gran Canaria.<\/div>\n<div><\/div>\n<div class=\"x_elementToProof\">La programaci\u00f3n \u201cEn verano, tu punto de conexi\u00f3n\u201d llegar\u00e1 a su fin este viernes 21 de agosto, con la actividad en The Ninja Games. La actividad de la Concejal\u00eda de Juventud continuar\u00e1 durante los pr\u00f3ximos d\u00edas con otras propuestas, como el Torneo de Ping Pong, organizado en colaboraci\u00f3n con el Proyecto NOA el s\u00e1bado, 22 de agosto, y el Campamento Islas Afortunadas, que se desarrollar\u00e1 la pr\u00f3xima semana en la Escuela de Vela Joaqu\u00edn Blanco.<\/div>\n","protected":false},"excerpt":{"rendered":"<p>La actividad incluida en la programaci\u00f3n \u201cEn verano, tu punto de conexi\u00f3n\u201d incluy\u00f3 una jornada de ocio en la piscina municipal. La Concejal\u00eda de Juventud del Ayuntamiento de Teror realiz\u00f3&hellip;<\/p>\n","protected":false},"author":1,"featured_media":4924,"comment_status":"open","ping_status":"open","sticky":false,"template":"","format":"standard","meta":{"wpai_generated_summary":"","wpai_meta_description":"","footnotes":""},"categories":[141],"tags":[],"class_list":["post-4917","post","type-post","status-publish","format-standard","has-post-thumbnail","hentry","category-ayuntamiento-de-teror"],"_links":{"self":[{"href":"https:\/\/nublo.tv\/index.php\/wp-json\/wp\/v2\/posts\/4917","targetHints":{"allow":["GET"]}}],"collection":[{"href":"https:\/\/nublo.tv\/index.php\/wp-json\/wp\/v2\/posts"}],"about":[{"href":"https:\/\/nublo.tv\/index.php\/wp-json\/wp\/v2\/types\/post"}],"author":[{"embeddable":true,"href":"https:\/\/nublo.tv\/index.php\/wp-json\/wp\/v2\/users\/1"}],"replies":[{"embeddable":true,"href":"https:\/\/nublo.tv\/index.php\/wp-json\/wp\/v2\/comments?post=4917"}],"version-history":[{"count":1,"href":"https:\/\/nublo.tv\/index.php\/wp-json\/wp\/v2\/posts\/4917\/revisions"}],"predecessor-version":[{"id":4923,"href":"https:\/\/nublo.tv\/index.php\/wp-json\/wp\/v2\/posts\/4917\/revisions\/4923"}],"wp:featuredmedia":[{"embeddable":true,"href":"https:\/\/nublo.tv\/index.php\/wp-json\/wp\/v2\/media\/4924"}],"wp:attachment":[{"href":"https:\/\/nublo.tv\/index.php\/wp-json\/wp\/v2\/media?parent=4917"}],"wp:term":[{"taxonomy":"category","embeddable":true,"href":"https:\/\/nublo.tv\/index.php\/wp-json\/wp\/v2\/categories?post=4917"},{"taxonomy":"post_tag","embeddable":true,"href":"https:\/\/nublo.tv\/index.php\/wp-json\/wp\/v2\/tags?post=4917"}],"curies":[{"name":"wp","href":"https:\/\/api.w.org\/{rel}","templated":true}]}}