{"id":4925,"date":"2026-08-20T18:23:40","date_gmt":"2026-08-20T17:23:40","guid":{"rendered":"https:\/\/nublo.tv\/?p=4925"},"modified":"2026-08-29T08:57:49","modified_gmt":"2026-08-29T07:57:49","slug":"el-festival-palmeras-2026-suena-en-la-aldea-de-san-nicolas-ante-mas-de-2-500-personas","status":"publish","type":"post","link":"https:\/\/nublo.tv\/index.php\/2026\/08\/20\/el-festival-palmeras-2026-suena-en-la-aldea-de-san-nicolas-ante-mas-de-2-500-personas\/","title":{"rendered":"El Festival Palmeras 2026 suena en La Aldea de San Nicol\u00e1s ante m\u00e1s de 2.500 personas"},"content":{"rendered":"<p><span style=\"font-weight: 400\">La Aldea de San Nicol\u00e1s acogi\u00f3 el pasado 15 de agosto la tercera edici\u00f3n del Festival Palmeras 2026, una cita organizada por las Concejal\u00edas de Festejos y Medio Ambiente que reuni\u00f3 a m\u00e1s de 2.500 personas en la Avenida de San Nicol\u00e1s para disfrutar de una noche de m\u00fasica, convivencia y diversi\u00f3n en el marco de las fiestas patronales en honor a San Nicol\u00e1s de Tolentino.<\/span><\/p>\n<p><span style=\"font-weight: 400\">El festival volvi\u00f3 a demostrar en esta tercera edici\u00f3n su capacidad para atraer p\u00fablico procedente de diferentes municipios y zonas de Gran Canaria, as\u00ed como de otras islas, consolid\u00e1ndose como una de las citas musicales destacadas del calendario festivo de La Aldea de San Nicol\u00e1s.\u00a0<\/span><\/p>\n<p><span style=\"font-weight: 400\">La programaci\u00f3n cont\u00f3 con las actuaciones de Nueva Vibra, DJ Antonio Boada, Aduen Amaya y Orishas, que ofrecieron una noche marcada por la m\u00fasica y la participaci\u00f3n del p\u00fablico. Los artistas mantuvieron una estrecha interacci\u00f3n con los asistentes, que respondieron durante toda la jornada y convirtieron la Avenida de San Nicol\u00e1s en un gran espacio de encuentro.<\/span><\/p>\n<p><span style=\"font-weight: 400\">Una menci\u00f3n especial merece Nueva Vibra, formaci\u00f3n de reciente incorporaci\u00f3n al panorama musical grancanario, que fue la encargada de abrir el festival y ofreci\u00f3 una actuaci\u00f3n que puso de manifiesto su proyecci\u00f3n y su capacidad para conectar con el p\u00fablico.<\/span><\/p>\n<p><span style=\"font-weight: 400\">El Festival Palmeras est\u00e1 promovido por las Concejal\u00edas de Festejos y Medio Ambiente, dirigidas por Leandra Delgado e Ingrid Navarro, respectivamente, y deja un balance muy positivo tanto por la participaci\u00f3n registrada como por la respuesta del p\u00fablico y la consolidaci\u00f3n de una propuesta que, desde su creaci\u00f3n en 2024, ha ido ganando protagonismo dentro de las fiestas patronales.<\/span><\/p>\n<p><span style=\"font-weight: 400\">\u201cEstamos muy satisfechos con la respuesta que ha tenido esta tercera edici\u00f3n del Festival Palmeras y, especialmente, con comprobar que cada a\u00f1o son m\u00e1s las personas que se acercan hasta La Aldea para disfrutar de esta propuesta\u201d, destac\u00f3 la concejala de Festejos, Leandra Delgado Garc\u00eda, quien se\u00f1al\u00f3 que \u201cel objetivo es seguir ofreciendo unas fiestas din\u00e1micas, atractivas y capaces de reunir a nuestros vecinos y vecinas con personas que nos visitan desde otros municipios e islas\u201d.<\/span><\/p>\n<p><span style=\"font-weight: 400\">Por su parte, la concejala de Medio Ambiente, Ingrid Navarro Armas, puso en valor que \u201cel Festival Palmeras nos permite combinar la celebraci\u00f3n y la dinamizaci\u00f3n del municipio con la puesta en valor de uno de nuestros elementos naturales m\u00e1s representativos, las palmeras\u201d. Asimismo, destac\u00f3 que \u201cla participaci\u00f3n y la implicaci\u00f3n de la ciudadan\u00eda son fundamentales para que este tipo de iniciativas sigan creciendo y para que podamos disfrutar de nuestros espacios de una manera responsable y respetuosa con el entorno\u201d.<\/span><\/p>\n<p><span style=\"font-weight: 400\">Desde el Ayuntamiento queremos trasladar un agradecimiento especial a todas las empresas locales que colaboraron en la celebraci\u00f3n del evento, as\u00ed como a los cuerpos de seguridad, al personal t\u00e9cnico y a todas las personas que participaron en la organizaci\u00f3n y desarrollo de la jornada.<\/span><\/p>\n<p><span style=\"font-weight: 400\">Asimismo, reconocemos la implicaci\u00f3n de los promotores de los chiringuitos, todos ellos de La Aldea, que un a\u00f1o m\u00e1s apostaron por el Festival Palmeras y contribuyeron a ampliar la oferta de servicios durante la celebraci\u00f3n, favoreciendo al mismo tiempo la dinamizaci\u00f3n de la actividad econ\u00f3mica local.<\/span><\/p>\n<p><span style=\"font-weight: 400\">Un reconocimiento especial merece tambi\u00e9n el personal de limpieza y recogida de residuos de Gr\u00faas Gran Canaria, por el trabajo realizado una vez finalizado el festival. Su labor permiti\u00f3 que la Avenida de San Nicol\u00e1s recuperara su estado habitual tras una noche de gran afluencia.<\/span><\/p>\n<p><span style=\"font-weight: 400\">El Ayuntamiento de La Aldea de San Nicol\u00e1s ya trabaja en la pr\u00f3xima edici\u00f3n del Festival Palmeras con el objetivo de continuar mejorando y consolidando una propuesta que ha encontrado su propio espacio dentro del programa de las fiestas patronales.\u00a0<\/span><\/p>\n<p>es\u00bb>La Aldea<\/a>.<\/p>\n","protected":false},"excerpt":{"rendered":"<p>La Aldea de San Nicol\u00e1s acogi\u00f3 el pasado 15 de agosto la tercera edici\u00f3n del Festival Palmeras 2026, una cita organizada por las Concejal\u00edas de Festejos y Medio Ambiente que&hellip;<\/p>\n","protected":false},"author":1,"featured_media":4932,"comment_status":"open","ping_status":"open","sticky":false,"template":"","format":"standard","meta":{"wpai_generated_summary":"","wpai_meta_description":"","footnotes":""},"categories":[131],"tags":[],"class_list":["post-4925","post","type-post","status-publish","format-standard","has-post-thumbnail","hentry","category-ayuntamiento-de-la-aldea-de-san-nicolas"],"_links":{"self":[{"href":"https:\/\/nublo.tv\/index.php\/wp-json\/wp\/v2\/posts\/4925","targetHints":{"allow":["GET"]}}],"collection":[{"href":"https:\/\/nublo.tv\/index.php\/wp-json\/wp\/v2\/posts"}],"about":[{"href":"https:\/\/nublo.tv\/index.php\/wp-json\/wp\/v2\/types\/post"}],"author":[{"embeddable":true,"href":"https:\/\/nublo.tv\/index.php\/wp-json\/wp\/v2\/users\/1"}],"replies":[{"embeddable":true,"href":"https:\/\/nublo.tv\/index.php\/wp-json\/wp\/v2\/comments?post=4925"}],"version-history":[{"count":2,"href":"https:\/\/nublo.tv\/index.php\/wp-json\/wp\/v2\/posts\/4925\/revisions"}],"predecessor-version":[{"id":18135,"href":"https:\/\/nublo.tv\/index.php\/wp-json\/wp\/v2\/posts\/4925\/revisions\/18135"}],"wp:featuredmedia":[{"embeddable":true,"href":"https:\/\/nublo.tv\/index.php\/wp-json\/wp\/v2\/media\/4932"}],"wp:attachment":[{"href":"https:\/\/nublo.tv\/index.php\/wp-json\/wp\/v2\/media?parent=4925"}],"wp:term":[{"taxonomy":"category","embeddable":true,"href":"https:\/\/nublo.tv\/index.php\/wp-json\/wp\/v2\/categories?post=4925"},{"taxonomy":"post_tag","embeddable":true,"href":"https:\/\/nublo.tv\/index.php\/wp-json\/wp\/v2\/tags?post=4925"}],"curies":[{"name":"wp","href":"https:\/\/api.w.org\/{rel}","templated":true}]}}