{"id":4927,"date":"2026-08-20T18:23:50","date_gmt":"2026-08-20T17:23:50","guid":{"rendered":"https:\/\/nublo.tv\/?p=4927"},"modified":"2026-08-27T12:35:28","modified_gmt":"2026-08-27T11:35:28","slug":"la-guagua-de-las-promesas-se-propone-superar-el-record-historico-de-alcanzar-las-25-toneladas-de-alimentos-del-pasado-ano","status":"publish","type":"post","link":"https:\/\/nublo.tv\/index.php\/2026\/08\/20\/la-guagua-de-las-promesas-se-propone-superar-el-record-historico-de-alcanzar-las-25-toneladas-de-alimentos-del-pasado-ano\/","title":{"rendered":"\u2018La Guagua de las Promesas\u2019 se propone superar el r\u00e9cord hist\u00f3rico de alcanzar las 25 toneladas de alimentos del pasado a\u00f1o"},"content":{"rendered":"<p><strong>Global present\u00f3 la la 7\u00aa edici\u00f3n de la iniciativa solidaria que convierte los ruegos a la Virgen del Pino en alimentos para las familias m\u00e1s vulnerables de Gran Canaria.<\/strong><\/p>\n<p>La compa\u00f1\u00eda del transporte interurbano de Gran Canaria, Global present\u00f3 este jueves 20 de agosto, en el Parque de Santa Catalina, la s\u00e9ptima edici\u00f3n de \u00ab<a href=\"http:\/\/www.laguaguadelaspromesas.com\"><span style=\"color: #0000ff\">La Guagua de las Promesas<\/span><\/a>\u00ab, la iniciativa solidaria que transforma los ruegos a la Virgen del Pino, patrona de Gran Canaria, en kilos de alimentos destinados a las familias m\u00e1s vulnerables de la Isla.<\/p>\n<p>El objetivo de esta nueva edici\u00f3n es superar el r\u00e9cord hist\u00f3rico marcado el a\u00f1o pasado, cuando la campa\u00f1a reuni\u00f3 m\u00e1s de 4.000 promesas y super\u00f3 los 25.000 kilos de alimentos.<\/p>\n<p>El subdirector de Global, Saulo Castro Gonz\u00e1lez, repas\u00f3 la trayectoria de la iniciativa desde su nacimiento en 2020, en pleno confinamiento por la pandemia de Covid-19, cuando la ciudadan\u00eda no pudo desplazarse a Teror para hacer llegar sus promesas a la Virgen.<\/p>\n<p>\u201cPusimos en marcha esta iniciativa solidaria, porque nuestro compromiso social con la isla y el prop\u00f3sito de ayudar a quienes m\u00e1s lo necesitan, siempre ha estado muy presente en todo lo que hacemos. \u00a0La situaci\u00f3n de la pandemia provoc\u00f3 su puesta en marcha, pero una vez superada la crisis sanitaria, la creciente situaci\u00f3n vulnerable de muchas personas, hicieron que nuestro compromiso no desapareciera y hoy llegamos a esta s\u00e9ptima edici\u00f3n con ilusi\u00f3n para atender esas necesidades con m\u00e1s fuerza que nunca\u201d, explic\u00f3 Saulo Castro.<\/p>\n<p>En sus seis ediciones, la campa\u00f1a ha llevado a la Virgen m\u00e1s de 13.000 promesas y ha recaudado m\u00e1s de 83 toneladas de alimentos, convirti\u00e9ndose en uno de los actos principales del programa de Responsabilidad Social de Global. \u00abEl a\u00f1o pasado batimos r\u00e9cord como a\u00f1o individual: superamos las 4.000 promesas y los 25.000 kilos. Para este a\u00f1o el reto es volver a alcanzar esas cifras y superar entre todas las ediciones las 100 toneladas de solidaridad\u00bb, se\u00f1al\u00f3 el subdirector de Global.<\/p>\n<p><a href=\"https:\/\/teror.es\/wp-content\/uploads\/2026\/08\/20_guagua-promesas-presentacion2.jpeg\"><img loading=\"lazy\" decoding=\"async\" class=\"alignright size-vp_sm wp-image-99118\" src=\"https:\/\/teror.es\/wp-content\/uploads\/2026\/08\/20_guagua-promesas-presentacion2-500x360.jpeg\" alt=\"\" width=\"500\" height=\"360\" \/><\/a>Castro record\u00f3 que participar es un proceso sencillo que no lleva m\u00e1s de un minuto: basta con entrar en <span style=\"color: #0000ff\"><a style=\"color: #0000ff\" href=\"http:\/\/www.laguaguadelaspromesas.com\">www.laguaguadelaspromesas.com<\/a><\/span>, escribir tu promesa y darle a enviar. Global se compromete a incluir cada promesa en El Libro de las Promesas que se lleva a la Virgen y a convertirla en, como m\u00ednimo, un kilo de alimentos, aunque hist\u00f3ricamente cada promesa se ha traducido en m\u00e1s de 5 kilos de media.<\/p>\n<p>El alcalde de Teror, Jos\u00e9 Agust\u00edn Arencibia Garc\u00eda, preguntado por su promesa a la Virgen, dese\u00f3 que \u00abno haya ninguna incidencia de consideraci\u00f3n\u00bb en las fiestas, al igual que ocurri\u00f3 el a\u00f1o anterior, e invit\u00f3 a toda la ciudadan\u00eda a participar de esta iniciativa.<\/p>\n<p>Por su parte, el p\u00e1rroco de Teror, Jorge Mart\u00edn de la Coba, destac\u00f3 las distintas dimensiones que convergen en esta iniciativa: la solidaria, como principal, junto a la religiosa y la cultural, ligada a las tradiciones. El p\u00e1rroco invit\u00f3 a la ciudadan\u00eda a participar en la campa\u00f1a y tambi\u00e9n a aprovechar los trayectos en transporte p\u00fablico para recuperar las relaciones personales, dejando a un lado el tel\u00e9fono m\u00f3vil para hablar con quienes viajan al lado, \u00abrecuperar la humanidad\u00bb y disfrutar del paisaje.<\/p>\n<p><strong>Un proyecto que naci\u00f3 con la pandemia\u00a0<\/strong><\/p>\n<p>La Guagua de las Promesas naci\u00f3 en el verano de 2020, en pleno confinamiento por la pandemia de Covid-19, cuando las restricciones impidieron la celebraci\u00f3n de las Fiestas del Pino y el tradicional peregrinaje hasta la Villa Mariana. Global recogi\u00f3 las promesas y ruegos a la Virgen en el Libro de las Promesas y las transform\u00f3 en kilos de alimentos que entreg\u00f3 a Cruz Roja, Banco de Alimentos de Las Palmas y C\u00e1ritas.<\/p>\n<p>La compa\u00f1\u00eda ha mantenido esta iniciativa solidaria a\u00f1o tras a\u00f1o, superada ya la pandemia, ante la persistencia de las necesidades sociales, especialmente por la deriva inflacionista de los productos de alimentaci\u00f3n.<\/p>\n<p>Hasta el 8 de septiembre se podr\u00e1n registrar en www.laguaguadelaspromesas.com las promesas, plegarias, ruegos y agradecimientos a la patrona, que Global volver\u00e1 a convertir en kilos de alimentos para las familias m\u00e1s vulnerables. Todos los ruegos y plegarias se incluir\u00e1n en el Libro de las Promesas que, como cada a\u00f1o, se llevar\u00e1 a los pies de la Virgen y formar\u00e1 parte del Museo de Arte Sacro de la Bas\u00edlica del Pino y del Archivo Municipal.<\/p>\n","protected":false},"excerpt":{"rendered":"<p>Global present\u00f3 la la 7\u00aa edici\u00f3n de la iniciativa solidaria que convierte los ruegos a la Virgen del Pino en alimentos para las familias m\u00e1s vulnerables de Gran Canaria. La&hellip;<\/p>\n","protected":false},"author":1,"featured_media":4936,"comment_status":"open","ping_status":"open","sticky":false,"template":"","format":"standard","meta":{"wpai_generated_summary":"","wpai_meta_description":"","footnotes":""},"categories":[141],"tags":[],"class_list":["post-4927","post","type-post","status-publish","format-standard","has-post-thumbnail","hentry","category-ayuntamiento-de-teror"],"_links":{"self":[{"href":"https:\/\/nublo.tv\/index.php\/wp-json\/wp\/v2\/posts\/4927","targetHints":{"allow":["GET"]}}],"collection":[{"href":"https:\/\/nublo.tv\/index.php\/wp-json\/wp\/v2\/posts"}],"about":[{"href":"https:\/\/nublo.tv\/index.php\/wp-json\/wp\/v2\/types\/post"}],"author":[{"embeddable":true,"href":"https:\/\/nublo.tv\/index.php\/wp-json\/wp\/v2\/users\/1"}],"replies":[{"embeddable":true,"href":"https:\/\/nublo.tv\/index.php\/wp-json\/wp\/v2\/comments?post=4927"}],"version-history":[{"count":1,"href":"https:\/\/nublo.tv\/index.php\/wp-json\/wp\/v2\/posts\/4927\/revisions"}],"predecessor-version":[{"id":4935,"href":"https:\/\/nublo.tv\/index.php\/wp-json\/wp\/v2\/posts\/4927\/revisions\/4935"}],"wp:featuredmedia":[{"embeddable":true,"href":"https:\/\/nublo.tv\/index.php\/wp-json\/wp\/v2\/media\/4936"}],"wp:attachment":[{"href":"https:\/\/nublo.tv\/index.php\/wp-json\/wp\/v2\/media?parent=4927"}],"wp:term":[{"taxonomy":"category","embeddable":true,"href":"https:\/\/nublo.tv\/index.php\/wp-json\/wp\/v2\/categories?post=4927"},{"taxonomy":"post_tag","embeddable":true,"href":"https:\/\/nublo.tv\/index.php\/wp-json\/wp\/v2\/tags?post=4927"}],"curies":[{"name":"wp","href":"https:\/\/api.w.org\/{rel}","templated":true}]}}