{"id":4937,"date":"2026-08-21T08:34:17","date_gmt":"2026-08-21T07:34:17","guid":{"rendered":"https:\/\/nublo.tv\/?p=4937"},"modified":"2026-08-27T12:35:28","modified_gmt":"2026-08-27T11:35:28","slug":"empleo-en-el-sector-naval-la-spegc-lanza-dos-cursos-gratuitos-para-acelerar-la-insercion-laboral-de-ingenieros-y-tecnicos-de-fp-en-gran-canaria","status":"publish","type":"post","link":"https:\/\/nublo.tv\/index.php\/2026\/08\/21\/empleo-en-el-sector-naval-la-spegc-lanza-dos-cursos-gratuitos-para-acelerar-la-insercion-laboral-de-ingenieros-y-tecnicos-de-fp-en-gran-canaria\/","title":{"rendered":"Empleo en el sector naval: La SPEGC lanza dos cursos gratuitos para acelerar la inserci\u00f3n laboral de ingenieros y t\u00e9cnicos de FP en Gran Canaria"},"content":{"rendered":"<p class=\"wp-block-paragraph\">La Sociedad de Promoci\u00f3n Econ\u00f3mica de Gran Canaria (SPEGC), entidad dependiente del Cabildo de Gran Canaria, contin\u00faa impulsando la formaci\u00f3n especializada y facilitando nuevas v\u00edas de empleabilidad con el lanzamiento de dos nuevos cursos desarrollados<strong> en colaboraci\u00f3n con la empresa multinacional Ghenova<\/strong>.&nbsp;<\/p>\n<p class=\"wp-block-paragraph\">Estas acciones formativas est\u00e1n destinadas a cualificar y adaptar al sector naval a perfiles universitarios y de Formaci\u00f3n Profesional (FP) para dar respuesta a la alta demanda de profesionales que requiere el sector en la isla.<\/p>\n<p class=\"wp-block-paragraph\">Estos programas se enmarcan en un contexto de<strong> crecimiento de Ghenova en Gran Canaria<\/strong>, en su previsi\u00f3n de crear 40 nuevos puestos de trabajo. El pasado mes de julio, la SPEGC y Ghenova comenzaron esta iniciativa conjunta con el<a href=\"https:\/\/www.spegc.org\/la-spegc-invita-a-descubrir-una-nueva-oportunidad-laboral-en-el-taller-formativo-de-diseno-naval\/\"> \u2018Taller de introducci\u00f3n al dise\u00f1o naval\u2019<\/a>, <a href=\"https:\/\/www.youtube.com\/watch?v=9-7WVGQ1jvE\">al que asistieron m\u00e1s de 50 personas<\/a>.&nbsp;<\/p>\n<p class=\"wp-block-paragraph\">El pr\u00f3ximo octubre arranca una nueva fase del proyecto con dos cursos gratuitos de un mes de duraci\u00f3n que capacitar\u00e1n a las personas asistentes para trabajar en el sector naval a partir de noviembre, reforzando de forma directa la empleabilidad de universitarios y perfiles de FP en Gran Canaria. El nuevo programa de formaci\u00f3n estar\u00e1 codise\u00f1ado e impartido por profesionales de la empresa Ghenova.<\/p>\n<p class=\"wp-block-paragraph\">Ambas formaciones comenzar\u00e1n el 5 de octubre, organizadas en horario de tarde con el objetivo de facilitar la conciliaci\u00f3n con la actividad laboral o acad\u00e9mica de los asistentes, contar\u00e1n con 20 plazas por cada curso y se impartir\u00e1n en el Centro de Innovaci\u00f3n Marino-Mar\u00edtima (CIMM), ubicado en el Edificio Fundaci\u00f3n Puerto Las Palmas, junto al Centro Comercial El Muelle.&nbsp;<\/p>\n<p class=\"wp-block-paragraph\">Con el objetivo de adaptar al detalle las formaciones y profundizar en la materia, los cursos se han dividido en dos perfiles profesionales diferenciados. De esta forma, el \u2018Curso de introducci\u00f3n al sector naval &#8211; Ingenier\u00eda de detalle\u2019 est\u00e1 dirigido a titulados y estudiantes de cualquier rama de Ingenier\u00eda, exceptuando Ingenier\u00eda Inform\u00e1tica y Civil, y est\u00e1 enfocado en adaptar y desarrollar los conocimientos de estos perfiles t\u00e9cnicos a las caracter\u00edsticas y herramientas propias del dise\u00f1o naval. Los interesados<a href=\"https:\/\/www.spegc.org\/formacion-y-eventos\/introduccion-al-sector-naval-ingenieria-de-detalle\/\"> pueden inscribirse en este enlace<\/a>.<\/p>\n<p class=\"wp-block-paragraph\">Por su parte, el \u2018Curso de adaptaci\u00f3n de perfiles de Formaci\u00f3n Profesional al dise\u00f1o naval &#8211; Delineaci\u00f3n t\u00e9cnica en electricidad\u2019 est\u00e1 pensado espec\u00edficamente para personas tituladas en Ciclos Formativos de Grado Superior de Formaci\u00f3n Profesional en las ramas de Electricidad, Electr\u00f3nica, Delineaci\u00f3n o Fabricaci\u00f3n Mec\u00e1nica. Esta formaci\u00f3n estar\u00e1 dirigida a la especializaci\u00f3n de estos profesionales t\u00e9cnicos en la delineaci\u00f3n aplicada al dise\u00f1o naval. Las personas interesadas pueden<a href=\"https:\/\/www.spegc.org\/formacion-y-eventos\/adaptacion-de-perfiles-fp-al-sector-naval-delineacion-tecnica-en-electricidad\/\"> inscribirse en este enlace<\/a>.<\/p>\n<p class=\"wp-block-paragraph\">Las plazas son limitadas para garantizar la calidad de la formaci\u00f3n y el adecuado desarrollo. La asignaci\u00f3n de plazas se realizar\u00e1 atendiendo a la adecuaci\u00f3n del perfil acad\u00e9mico y profesional de las personas solicitantes.<\/p>\n","protected":false},"excerpt":{"rendered":"<p>La Sociedad de Promoci\u00f3n Econ\u00f3mica de Gran Canaria (SPEGC), entidad dependiente del Cabildo de Gran Canaria, contin\u00faa impulsando la formaci\u00f3n especializada y facilitando nuevas v\u00edas de empleabilidad con el lanzamiento&hellip;<\/p>\n","protected":false},"author":1,"featured_media":4940,"comment_status":"open","ping_status":"open","sticky":false,"template":"","format":"standard","meta":{"wpai_generated_summary":"","wpai_meta_description":"","footnotes":""},"categories":[121],"tags":[],"class_list":["post-4937","post","type-post","status-publish","format-standard","has-post-thumbnail","hentry","category-noticias"],"_links":{"self":[{"href":"https:\/\/nublo.tv\/index.php\/wp-json\/wp\/v2\/posts\/4937","targetHints":{"allow":["GET"]}}],"collection":[{"href":"https:\/\/nublo.tv\/index.php\/wp-json\/wp\/v2\/posts"}],"about":[{"href":"https:\/\/nublo.tv\/index.php\/wp-json\/wp\/v2\/types\/post"}],"author":[{"embeddable":true,"href":"https:\/\/nublo.tv\/index.php\/wp-json\/wp\/v2\/users\/1"}],"replies":[{"embeddable":true,"href":"https:\/\/nublo.tv\/index.php\/wp-json\/wp\/v2\/comments?post=4937"}],"version-history":[{"count":1,"href":"https:\/\/nublo.tv\/index.php\/wp-json\/wp\/v2\/posts\/4937\/revisions"}],"predecessor-version":[{"id":4939,"href":"https:\/\/nublo.tv\/index.php\/wp-json\/wp\/v2\/posts\/4937\/revisions\/4939"}],"wp:featuredmedia":[{"embeddable":true,"href":"https:\/\/nublo.tv\/index.php\/wp-json\/wp\/v2\/media\/4940"}],"wp:attachment":[{"href":"https:\/\/nublo.tv\/index.php\/wp-json\/wp\/v2\/media?parent=4937"}],"wp:term":[{"taxonomy":"category","embeddable":true,"href":"https:\/\/nublo.tv\/index.php\/wp-json\/wp\/v2\/categories?post=4937"},{"taxonomy":"post_tag","embeddable":true,"href":"https:\/\/nublo.tv\/index.php\/wp-json\/wp\/v2\/tags?post=4937"}],"curies":[{"name":"wp","href":"https:\/\/api.w.org\/{rel}","templated":true}]}}