{"id":4941,"date":"2026-08-21T10:04:37","date_gmt":"2026-08-21T09:04:37","guid":{"rendered":"https:\/\/nublo.tv\/?p=4941"},"modified":"2026-08-27T12:35:28","modified_gmt":"2026-08-27T11:35:28","slug":"el-ayuntamiento-celebra-este-sabado-verano-en-tu-barrio-en-las-rehoyas-con-pasacalles-actividades-infantiles-y-verbena","status":"publish","type":"post","link":"https:\/\/nublo.tv\/index.php\/2026\/08\/21\/el-ayuntamiento-celebra-este-sabado-verano-en-tu-barrio-en-las-rehoyas-con-pasacalles-actividades-infantiles-y-verbena\/","title":{"rendered":"El Ayuntamiento celebra este s\u00e1bado &#8216;Verano en tu barrio&#8217; en Las Rehoyas con pasacalles, actividades infantiles y verbena"},"content":{"rendered":"<div class=\"image col-sm-6 pull-right\">\n<div class=\"saga-imagen \">\n\t\t<a href=\"\/export\/sites\/laspalmasgc\/.galleries\/imagenes-noticias-2026\/Verano-en-tu-barrio-en-Las-Rehoyas-20260821.png\" title=\"El Ayuntamiento celebra este s\u00e1bado &apos;Verano en tu barrio&apos; en Las Rehoyas con pasacalles, actividades infantiles y verbena\" class=\"wrapper-image zoom-filter \"><br \/>\n\t\t\t\t\t<span class=\"sr-only\">Ampliar imagen<\/span><\/p>\n<div class=\"overlay-zoom\">\n\t\t\t\t\t\t<img loading=\"lazy\" decoding=\"async\" class=\"img-responsive\" src=\"\/export\/sites\/laspalmasgc\/.galleries\/imagenes-noticias-2026\/Verano-en-tu-barrio-en-Las-Rehoyas-20260821.png_1237475420.png\" width=\"900\" height=\"663\" alt=\"El Ayuntamiento celebra este s\u00e1bado &apos;Verano en tu barrio&apos; en Las Rehoyas con pasacalles, actividades infantiles y verbena\"><\/p>\n<div class=\"zoom-icon\">\n\t                    \t<span class=\"fa fa-search-plus\" aria-hidden=\"true\"><\/span>\n\t                    <\/div>\n<\/p><\/div>\n<p>\t\t\t\t<\/a>\n\t\t\t<\/div>\n<\/p><\/div>\n<div class=\"container-fluid\">\n<p>La jornada arrancar\u00e1 a las 17:00 horas con un recorrido de papag\u00fcevos por las calles del barrio y continuar\u00e1 en la Plaza de la Paz con hinchables y una verbena hasta las 22:00 horas<\/p>\n<p>Las Palmas de Gran Canaria, 21 de agosto de 2026. El Ayuntamiento de Las Palmas de Gran Canaria, a trav\u00e9s de la Concejal\u00eda del Distrito Ciudad Alta, celebrar\u00e1 este s\u00e1bado, 22 de agosto, en el barrio de Las Rehoyas \u2018Verano en tu barrio\u2019, una jornada de ocio y convivencia vecinal que ofrecer\u00e1 durante la tarde un pasacalles de papag\u00fcevos, actividades y una verbena en la Plaza de la Paz.<br \/>La concejala del Distrito Ciudad Alta, Betsaida Gonz\u00e1lez, ha se\u00f1alado que \u201ccon \u2018Verano en tu barrio\u2019 queremos que nuestros barrios sean tambi\u00e9n espacios para disfrutar, encontrarnos y compartir durante los meses de verano. En Las Rehoyas hemos preparado una tarde pensada para las familias, con actividades para los m\u00e1s peque\u00f1os y una verbena para que vecinos y vecinas puedan disfrutar juntos de su barrio\u201d.<br \/>Gonz\u00e1lez ha destacado que \u201cesta programaci\u00f3n nos permite acercar propuestas de ocio y participaci\u00f3n a los distintos barrios de Ciudad Alta y, al mismo tiempo, dinamizar nuestros espacios p\u00fablicos y fortalecer la convivencia vecinal\u201d.<br \/>La programaci\u00f3n comenzar\u00e1 a las 17:00 horas con un pasacalles de papag\u00fcevos que recorrer\u00e1 varias calles de Las Rehoyas. La comitiva partir\u00e1 de la plazoleta situada en la confluencia de las calles Virgen de Bego\u00f1a y Montejurra y continuar\u00e1 por Montejurra, Santa Mar\u00eda de la Cabeza, Santa Luisa de Marillac y Virgen de la Paloma hasta llegar a la Plaza de la Paz.<br \/>A partir de las 18:00 horas, la Plaza de la Paz acoger\u00e1 actividades infantiles, una propuesta dirigida especialmente a los ni\u00f1os y ni\u00f1as del barrio y a sus familias, que podr\u00e1n disfrutar de una tarde de ocio al aire libre.<br \/>La programaci\u00f3n continuar\u00e1 a las 20:00 horas con una verbena a cargo de D\u2019Music, que se prolongar\u00e1 hasta las 22:00 horas y pondr\u00e1 el broche final a la jornada.<\/p>\n<p><a href=\"\/export\/sites\/laspalmasgc\/.galleries\/imagenes-noticias-2026\/Cartel_Verano-en-tu-barrio-en-Las-Rehoyas.jpeg\" target=\"_blank\" rel=\"noopener\">Cartel<\/a><\/p>\n<\/div>\n","protected":false},"excerpt":{"rendered":"<p>Ampliar imagen La jornada arrancar\u00e1 a las 17:00 horas con un recorrido de papag\u00fcevos por las calles del barrio y continuar\u00e1 en la Plaza de la Paz con hinchables y&hellip;<\/p>\n","protected":false},"author":1,"featured_media":4952,"comment_status":"open","ping_status":"open","sticky":false,"template":"","format":"standard","meta":{"wpai_generated_summary":"","wpai_meta_description":"","footnotes":""},"categories":[132],"tags":[],"class_list":["post-4941","post","type-post","status-publish","format-standard","has-post-thumbnail","hentry","category-ayuntamiento-de-las-palmas-de-gran-canaria"],"_links":{"self":[{"href":"https:\/\/nublo.tv\/index.php\/wp-json\/wp\/v2\/posts\/4941","targetHints":{"allow":["GET"]}}],"collection":[{"href":"https:\/\/nublo.tv\/index.php\/wp-json\/wp\/v2\/posts"}],"about":[{"href":"https:\/\/nublo.tv\/index.php\/wp-json\/wp\/v2\/types\/post"}],"author":[{"embeddable":true,"href":"https:\/\/nublo.tv\/index.php\/wp-json\/wp\/v2\/users\/1"}],"replies":[{"embeddable":true,"href":"https:\/\/nublo.tv\/index.php\/wp-json\/wp\/v2\/comments?post=4941"}],"version-history":[{"count":1,"href":"https:\/\/nublo.tv\/index.php\/wp-json\/wp\/v2\/posts\/4941\/revisions"}],"predecessor-version":[{"id":4951,"href":"https:\/\/nublo.tv\/index.php\/wp-json\/wp\/v2\/posts\/4941\/revisions\/4951"}],"wp:featuredmedia":[{"embeddable":true,"href":"https:\/\/nublo.tv\/index.php\/wp-json\/wp\/v2\/media\/4952"}],"wp:attachment":[{"href":"https:\/\/nublo.tv\/index.php\/wp-json\/wp\/v2\/media?parent=4941"}],"wp:term":[{"taxonomy":"category","embeddable":true,"href":"https:\/\/nublo.tv\/index.php\/wp-json\/wp\/v2\/categories?post=4941"},{"taxonomy":"post_tag","embeddable":true,"href":"https:\/\/nublo.tv\/index.php\/wp-json\/wp\/v2\/tags?post=4941"}],"curies":[{"name":"wp","href":"https:\/\/api.w.org\/{rel}","templated":true}]}}