{"id":4943,"date":"2026-08-21T10:04:32","date_gmt":"2026-08-21T09:04:32","guid":{"rendered":"https:\/\/nublo.tv\/?p=4943"},"modified":"2026-08-27T12:35:28","modified_gmt":"2026-08-27T11:35:28","slug":"ciudad-de-mar-amplia-el-horario-del-balneario-de-tomas-miller-en-las-canteras-e-instala-aseos-en-la-laja-y-san-cristobal","status":"publish","type":"post","link":"https:\/\/nublo.tv\/index.php\/2026\/08\/21\/ciudad-de-mar-amplia-el-horario-del-balneario-de-tomas-miller-en-las-canteras-e-instala-aseos-en-la-laja-y-san-cristobal\/","title":{"rendered":"Ciudad de Mar ampl\u00eda el horario del balneario de Tom\u00e1s Miller en Las Canteras e instala aseos en La Laja y San Crist\u00f3bal"},"content":{"rendered":"<p>La concejal\u00eda de Ciudad de Mar del Ayuntamiento de Las Palmas de Gran Canaria activa desde hoy, viernes 21 de agosto, la ampliaci\u00f3n del horario de apertura ininterrumpida hasta la medianoche del balneario de Tom\u00e1s Miller, en la playa de Las Canteras, la incorporaci\u00f3n de un servicio de seguridad privada reforzado y la habilitaci\u00f3n de aseos port\u00e1tiles adaptados en las playas de La Laja y La Puntilla de San Crist\u00f3bal.<\/p>\n","protected":false},"excerpt":{"rendered":"<p>La concejal\u00eda de Ciudad de Mar del Ayuntamiento de Las Palmas de Gran Canaria activa desde hoy, viernes 21 de agosto, la ampliaci\u00f3n del horario de apertura ininterrumpida hasta la&hellip;<\/p>\n","protected":false},"author":1,"featured_media":4950,"comment_status":"open","ping_status":"open","sticky":false,"template":"","format":"standard","meta":{"wpai_generated_summary":"","wpai_meta_description":"","footnotes":""},"categories":[132],"tags":[],"class_list":["post-4943","post","type-post","status-publish","format-standard","has-post-thumbnail","hentry","category-ayuntamiento-de-las-palmas-de-gran-canaria"],"_links":{"self":[{"href":"https:\/\/nublo.tv\/index.php\/wp-json\/wp\/v2\/posts\/4943","targetHints":{"allow":["GET"]}}],"collection":[{"href":"https:\/\/nublo.tv\/index.php\/wp-json\/wp\/v2\/posts"}],"about":[{"href":"https:\/\/nublo.tv\/index.php\/wp-json\/wp\/v2\/types\/post"}],"author":[{"embeddable":true,"href":"https:\/\/nublo.tv\/index.php\/wp-json\/wp\/v2\/users\/1"}],"replies":[{"embeddable":true,"href":"https:\/\/nublo.tv\/index.php\/wp-json\/wp\/v2\/comments?post=4943"}],"version-history":[{"count":1,"href":"https:\/\/nublo.tv\/index.php\/wp-json\/wp\/v2\/posts\/4943\/revisions"}],"predecessor-version":[{"id":4949,"href":"https:\/\/nublo.tv\/index.php\/wp-json\/wp\/v2\/posts\/4943\/revisions\/4949"}],"wp:featuredmedia":[{"embeddable":true,"href":"https:\/\/nublo.tv\/index.php\/wp-json\/wp\/v2\/media\/4950"}],"wp:attachment":[{"href":"https:\/\/nublo.tv\/index.php\/wp-json\/wp\/v2\/media?parent=4943"}],"wp:term":[{"taxonomy":"category","embeddable":true,"href":"https:\/\/nublo.tv\/index.php\/wp-json\/wp\/v2\/categories?post=4943"},{"taxonomy":"post_tag","embeddable":true,"href":"https:\/\/nublo.tv\/index.php\/wp-json\/wp\/v2\/tags?post=4943"}],"curies":[{"name":"wp","href":"https:\/\/api.w.org\/{rel}","templated":true}]}}