{"id":4945,"date":"2026-08-21T10:04:26","date_gmt":"2026-08-21T09:04:26","guid":{"rendered":"https:\/\/nublo.tv\/?p=4945"},"modified":"2026-08-27T12:35:28","modified_gmt":"2026-08-27T11:35:28","slug":"el-ayuntamiento-de-las-palmas-de-gran-canaria-inicia-las-obras-de-la-nueva-fuente-transitable-del-parque-bailarina-trini-burrull-de-siete-palmas","status":"publish","type":"post","link":"https:\/\/nublo.tv\/index.php\/2026\/08\/21\/el-ayuntamiento-de-las-palmas-de-gran-canaria-inicia-las-obras-de-la-nueva-fuente-transitable-del-parque-bailarina-trini-burrull-de-siete-palmas\/","title":{"rendered":"El Ayuntamiento de Las Palmas de Gran Canaria inicia las obras de la nueva fuente transitable del parque Bailarina Trini Burrull de Siete Palmas"},"content":{"rendered":"<div class=\"image col-sm-6 pull-right\">\n<div class=\"saga-imagen \">\n\t\t<a href=\"\/export\/sites\/laspalmasgc\/.galleries\/imagenes-noticias-2026\/Inicio-de-los-trabajos-de-la-futura-fuente-transitable-de-Siete-Palmas-20260821.png\" title=\"El Ayuntamiento de Las Palmas de Gran Canaria inicia las obras de la nueva fuente transitable del parque Bailarina Trini Burrull de Siete Palmas\" class=\"wrapper-image zoom-filter \"><br \/>\n\t\t\t\t\t<span class=\"sr-only\">Ampliar imagen<\/span><\/p>\n<div class=\"overlay-zoom\">\n\t\t\t\t\t\t<img loading=\"lazy\" decoding=\"async\" class=\"img-responsive\" src=\"\/export\/sites\/laspalmasgc\/.galleries\/imagenes-noticias-2026\/Inicio-de-los-trabajos-de-la-futura-fuente-transitable-de-Siete-Palmas-20260821.png_513066471.png\" width=\"900\" height=\"600\" alt=\"El Ayuntamiento de Las Palmas de Gran Canaria inicia las obras de la nueva fuente transitable del parque Bailarina Trini Burrull de Siete Palmas\"><\/p>\n<div class=\"zoom-icon\">\n\t                    \t<span class=\"fa fa-search-plus\" aria-hidden=\"true\"><\/span>\n\t                    <\/div>\n<\/p><\/div>\n<p>\t\t\t\t<\/a>\n\t\t\t<\/div>\n<\/p><\/div>\n<div class=\"container-fluid\">\n<p>La actuaci\u00f3n, con una inversi\u00f3n de 204.084,85 euros financiada por el Cabido de Gran Canaria, transformar\u00e1 la actual fuente ornamental en una superficie acu\u00e1tica peatonal con 18 surtidores, iluminaci\u00f3n LED y un sistema de recirculaci\u00f3n de agua eficiente<\/p>\n<p>Las Palmas de Gran Canaria, 21 de agosto de 2026. El Ayuntamiento de Las Palmas de Gran Canaria ha iniciado las obras de la nueva fuente transitable del parque Bailarina Trini Burrull, en Siete Palmas, una actuaci\u00f3n que transformar\u00e1 la actual fuente ornamental en un espacio de juego, convivencia y alivio t\u00e9rmico para la ciudadan\u00eda. La actuaci\u00f3n ha comenzado con los trabajos de demolici\u00f3n de la antigua fuente, que dar\u00e1n paso a la ejecuci\u00f3n de la nueva instalaci\u00f3n acu\u00e1tica.<br \/>Los trabajos, adjudicados a la empresa IMESAPI, S.A. por un importe de 204.084,85 euros y financiados a trav\u00e9s del Plan de Cooperaci\u00f3n del Cabildo de Gran Canaria con los ayuntamientos, permitir\u00e1n crear la cuarta fuente transitable de la ciudad.<br \/>El proyecto, impulsado por el Servicio de Urbanismo de la Concejal\u00eda de Planificaci\u00f3n, Desarrollo Urbano y Vivienda en colaboraci\u00f3n con la Concejal\u00eda de Desarrollo Estrat\u00e9gico, Sostenibilidad, Energ\u00eda, Parques y Jardines y Sector Primario, contempla la sustituci\u00f3n de la actual fuente ornamental por una superficie acu\u00e1tica peatonal equipada con 18 surtidores de agua de altura variable, concebidos para favorecer el uso l\u00fadico del espacio.<br \/>La nueva instalaci\u00f3n incorporar\u00e1 iluminaci\u00f3n LED RGB integrada en cada uno de los surtidores, lo que permitir\u00e1 generar diferentes efectos crom\u00e1ticos durante el horario nocturno. Asimismo, contar\u00e1 con un sistema de recirculaci\u00f3n y depuraci\u00f3n en circuito cerrado para reutilizar el agua y mantenerla en condiciones \u00f3ptimas de calidad, adem\u00e1s de estar preparada para aprovechar aguas pluviales en el llenado del dep\u00f3sito.<br \/>La intervenci\u00f3n tambi\u00e9n incluye la renovaci\u00f3n completa de las infraestructuras hidr\u00e1ulicas y el\u00e9ctricas, as\u00ed como la demolici\u00f3n de la fuente existente y la ejecuci\u00f3n de los trabajos de obra civil necesarios, entre ellos movimientos de tierra, impermeabilizaci\u00f3n, hormigonado, pavimentaci\u00f3n antideslizante y la gesti\u00f3n de los residuos generados.<br \/>El concejal de Planificaci\u00f3n, Desarrollo Urbano y Vivienda, Mauricio Roque, se\u00f1ala que \u00abel inicio de estas obras supone un paso m\u00e1s en la transformaci\u00f3n de los espacios p\u00fablicos de la ciudad para hacerlos m\u00e1s accesibles, modernos y adaptados a las necesidades de la ciudadan\u00eda\u00bb.<br \/>Por su parte, la concejala de Desarrollo Estrat\u00e9gico, Sostenibilidad, Energ\u00eda, Parques y Jardines y Sector Primario, Gemma Mart\u00ednez Soli\u00f1o, afirma que \u00abla apuesta por las fuentes transitables es una apuesta por una ciudad m\u00e1s viva, por el disfrute al aire libre, el confort urbano y los espacios p\u00fablicos para el disfrute compartido\u00bb.<br \/>Con esta actuaci\u00f3n, Las Palmas de Gran Canaria ampliar\u00e1 su red de fuentes transitables, que ya cuenta con instalaciones en el parque del Castillo de la Luz y el parque de Las Rehoyas, a las que se sumar\u00e1 la de La Mayordom\u00eda cuando entre en funcionamiento, aumentando as\u00ed los espacios p\u00fablicos destinados al ocio familiar, la convivencia y la adaptaci\u00f3n de la ciudad frente a las altas temperaturas.<\/p>\n<\/div>\n","protected":false},"excerpt":{"rendered":"<p>Ampliar imagen La actuaci\u00f3n, con una inversi\u00f3n de 204.084,85 euros financiada por el Cabido de Gran Canaria, transformar\u00e1 la actual fuente ornamental en una superficie acu\u00e1tica peatonal con 18 surtidores,&hellip;<\/p>\n","protected":false},"author":1,"featured_media":4948,"comment_status":"open","ping_status":"open","sticky":false,"template":"","format":"standard","meta":{"wpai_generated_summary":"","wpai_meta_description":"","footnotes":""},"categories":[132],"tags":[],"class_list":["post-4945","post","type-post","status-publish","format-standard","has-post-thumbnail","hentry","category-ayuntamiento-de-las-palmas-de-gran-canaria"],"_links":{"self":[{"href":"https:\/\/nublo.tv\/index.php\/wp-json\/wp\/v2\/posts\/4945","targetHints":{"allow":["GET"]}}],"collection":[{"href":"https:\/\/nublo.tv\/index.php\/wp-json\/wp\/v2\/posts"}],"about":[{"href":"https:\/\/nublo.tv\/index.php\/wp-json\/wp\/v2\/types\/post"}],"author":[{"embeddable":true,"href":"https:\/\/nublo.tv\/index.php\/wp-json\/wp\/v2\/users\/1"}],"replies":[{"embeddable":true,"href":"https:\/\/nublo.tv\/index.php\/wp-json\/wp\/v2\/comments?post=4945"}],"version-history":[{"count":1,"href":"https:\/\/nublo.tv\/index.php\/wp-json\/wp\/v2\/posts\/4945\/revisions"}],"predecessor-version":[{"id":4947,"href":"https:\/\/nublo.tv\/index.php\/wp-json\/wp\/v2\/posts\/4945\/revisions\/4947"}],"wp:featuredmedia":[{"embeddable":true,"href":"https:\/\/nublo.tv\/index.php\/wp-json\/wp\/v2\/media\/4948"}],"wp:attachment":[{"href":"https:\/\/nublo.tv\/index.php\/wp-json\/wp\/v2\/media?parent=4945"}],"wp:term":[{"taxonomy":"category","embeddable":true,"href":"https:\/\/nublo.tv\/index.php\/wp-json\/wp\/v2\/categories?post=4945"},{"taxonomy":"post_tag","embeddable":true,"href":"https:\/\/nublo.tv\/index.php\/wp-json\/wp\/v2\/tags?post=4945"}],"curies":[{"name":"wp","href":"https:\/\/api.w.org\/{rel}","templated":true}]}}