{"id":4953,"date":"2026-08-21T11:01:29","date_gmt":"2026-08-21T10:01:29","guid":{"rendered":"https:\/\/nublo.tv\/?p=4953"},"modified":"2026-08-29T08:57:49","modified_gmt":"2026-08-29T07:57:49","slug":"la-aldea-de-san-nicolas-corona-a-liah-desiree-gonzalez-como-su-reina-infantil-2026","status":"publish","type":"post","link":"https:\/\/nublo.tv\/index.php\/2026\/08\/21\/la-aldea-de-san-nicolas-corona-a-liah-desiree-gonzalez-como-su-reina-infantil-2026\/","title":{"rendered":"La Aldea de San Nicol\u00e1s corona a Liah Desir\u00e9e Gonz\u00e1lez como su Reina Infantil 2026"},"content":{"rendered":"<p><span style=\"font-weight: 400\">El Ayuntamiento de La Aldea de San Nicol\u00e1s, a trav\u00e9s de la Concejal\u00eda de Fiestas Populares y Festejos que dirige Leandra Delgado, celebr\u00f3 este jueves, 20 de agosto, la Elecci\u00f3n de la Reina Infantil 2026, uno de los actos incluidos en la programaci\u00f3n de las Fiestas Patronales de San Nicol\u00e1s de Tolentino, que convirti\u00f3 la Plaza del Proyecto de Desarrollo Comunitario en el escenario de una noche especialmente dedicada a las m\u00e1s peque\u00f1as.<\/span><\/p>\n<p><span style=\"font-weight: 400\">Un total de 15 candidatas participaron en esta cita dise\u00f1ada para que las ni\u00f1as pudieran disfrutar de una experiencia llena de ilusi\u00f3n, emoci\u00f3n y compa\u00f1erismo y convertirse en protagonistas de uno de los actos m\u00e1s esperados de las fiestas.\u00a0<\/span><\/p>\n<p><span style=\"font-weight: 400\">La velada cont\u00f3 adem\u00e1s con la actuaci\u00f3n musical del grupo infantil Jaleox, que asumi\u00f3 tanto las actuaciones musicales como las labores de presentaci\u00f3n del evento, acompa\u00f1ando el desarrollo de la gala y aportando dinamismo, m\u00fasica y diversi\u00f3n a una noche pensada para todos los p\u00fablicos.\u00a0<\/span><\/p>\n<p><span style=\"font-weight: 400\">Tras el desarrollo del acto, el jurado determin\u00f3 que la Reina Infantil de las Fiestas Patronales de San Nicol\u00e1s de Tolentino 2026 fuera Liah Desir\u00e9e Gonz\u00e1lez, quien recibi\u00f3 su corona en una noche marcada por la emoci\u00f3n y los aplausos del p\u00fablico.<\/span><\/p>\n<p><span style=\"font-weight: 400\">M\u00e1s all\u00e1 del resultado, el Ayuntamiento quiso poner en valor la participaci\u00f3n de las 15 candidatas y el papel de sus familias, que hicieron posible el desarrollo de esta celebraci\u00f3n. La Elecci\u00f3n de la Reina Infantil constituye as\u00ed un espacio de encuentro para la infancia y las familias y una oportunidad para que las nuevas generaciones formen parte activa de las tradiciones festivas del municipio.<\/span><\/p>\n<p><span style=\"font-weight: 400\">\u201cLa Elecci\u00f3n de la Reina Infantil es uno de esos actos que vivimos con especial ilusi\u00f3n porque permite que nuestras ni\u00f1as sean protagonistas de nuestras fiestas y guarden un recuerdo muy bonito de ellas\u201d, ha se\u00f1alado la concejala de Fiestas Populares y\u00a0 Festejos, Leandra Delgado, quien destac\u00f3 que \u201clas 15 candidatas han demostrado ilusi\u00f3n, entusiasmo y muchas ganas de disfrutar, y todas ellas merecen nuestro reconocimiento por haberse animado a participar\u201d.<\/span><\/p>\n<p><span style=\"font-weight: 400\">La edil tambi\u00e9n quiso agradecer \u201ca las familias por su implicaci\u00f3n y por acompa\u00f1ar a las ni\u00f1as durante todo este proceso, as\u00ed como a todas las personas que han trabajado para hacer posible esta noche tan especial\u201d.\u00a0<\/span><\/p>\n<p><span style=\"font-weight: 400\">Desde el Ayuntamiento de La Aldea de San Nicol\u00e1s felicitamos a Liah Desir\u00e9e Gonz\u00e1lez por su elecci\u00f3n como Reina Infantil 2026 y trasladamos igualmente un reconocimiento a las 15 candidatas participantes, as\u00ed como a sus familias, por su ilusi\u00f3n, participaci\u00f3n y compromiso con esta celebraci\u00f3n.<\/span><\/p>\n<p><span style=\"font-weight: 400\">La elecci\u00f3n de la Reina Infantil se suma as\u00ed a la programaci\u00f3n de las Fiestas Patronales de San Nicol\u00e1s de Tolentino 2026, que contin\u00faa ofreciendo propuestas dirigidas a todos los p\u00fablicos y que tienen como objetivo mantener vivas las tradiciones y fomentar la participaci\u00f3n de la ciudadan\u00eda en los actos festivos del municipio.<\/span><\/p>\n<p>es\u00bb>La Aldea<\/a>.<\/p>\n","protected":false},"excerpt":{"rendered":"<p>El Ayuntamiento de La Aldea de San Nicol\u00e1s, a trav\u00e9s de la Concejal\u00eda de Fiestas Populares y Festejos que dirige Leandra Delgado, celebr\u00f3 este jueves, 20 de agosto, la Elecci\u00f3n&hellip;<\/p>\n","protected":false},"author":1,"featured_media":4956,"comment_status":"open","ping_status":"open","sticky":false,"template":"","format":"standard","meta":{"wpai_generated_summary":"","wpai_meta_description":"","footnotes":""},"categories":[131],"tags":[],"class_list":["post-4953","post","type-post","status-publish","format-standard","has-post-thumbnail","hentry","category-ayuntamiento-de-la-aldea-de-san-nicolas"],"_links":{"self":[{"href":"https:\/\/nublo.tv\/index.php\/wp-json\/wp\/v2\/posts\/4953","targetHints":{"allow":["GET"]}}],"collection":[{"href":"https:\/\/nublo.tv\/index.php\/wp-json\/wp\/v2\/posts"}],"about":[{"href":"https:\/\/nublo.tv\/index.php\/wp-json\/wp\/v2\/types\/post"}],"author":[{"embeddable":true,"href":"https:\/\/nublo.tv\/index.php\/wp-json\/wp\/v2\/users\/1"}],"replies":[{"embeddable":true,"href":"https:\/\/nublo.tv\/index.php\/wp-json\/wp\/v2\/comments?post=4953"}],"version-history":[{"count":2,"href":"https:\/\/nublo.tv\/index.php\/wp-json\/wp\/v2\/posts\/4953\/revisions"}],"predecessor-version":[{"id":18136,"href":"https:\/\/nublo.tv\/index.php\/wp-json\/wp\/v2\/posts\/4953\/revisions\/18136"}],"wp:featuredmedia":[{"embeddable":true,"href":"https:\/\/nublo.tv\/index.php\/wp-json\/wp\/v2\/media\/4956"}],"wp:attachment":[{"href":"https:\/\/nublo.tv\/index.php\/wp-json\/wp\/v2\/media?parent=4953"}],"wp:term":[{"taxonomy":"category","embeddable":true,"href":"https:\/\/nublo.tv\/index.php\/wp-json\/wp\/v2\/categories?post=4953"},{"taxonomy":"post_tag","embeddable":true,"href":"https:\/\/nublo.tv\/index.php\/wp-json\/wp\/v2\/tags?post=4953"}],"curies":[{"name":"wp","href":"https:\/\/api.w.org\/{rel}","templated":true}]}}