{"id":4957,"date":"2026-08-21T12:02:04","date_gmt":"2026-08-21T11:02:04","guid":{"rendered":"https:\/\/nublo.tv\/?p=4957"},"modified":"2026-08-27T12:35:29","modified_gmt":"2026-08-27T11:35:29","slug":"avanza-la-construccion-del-tercer-aerogenerador-del-parque-eolico-botija-galdar","status":"publish","type":"post","link":"https:\/\/nublo.tv\/index.php\/2026\/08\/21\/avanza-la-construccion-del-tercer-aerogenerador-del-parque-eolico-botija-galdar\/","title":{"rendered":"Avanza la construcci\u00f3n del tercer aerogenerador del Parque E\u00f3lico Botija-G\u00e1ldar"},"content":{"rendered":"<p>La construcci\u00f3n del tercer aerogenerador del Parque E\u00f3lico Botija-G\u00e1ldar avanza a buen ritmo y se prev\u00e9 que est\u00e9 instalado de forma definitiva en las pr\u00f3ximas semanas. Teodoro Sosa, alcalde de G\u00e1ldar; Valeria Guerra, concejala de Hacienda; y Heriberto Reyes, concejal de Urbanismo, acudieron junto a t\u00e9cnicos municipales a comprobar los trabajos de hormigonado de dicha instalaci\u00f3n.<\/p>\n<p>Despu\u00e9s de varios a\u00f1os de tr\u00e1mites el Ayuntamiento consigui\u00f3 la aprobaci\u00f3n del Gobierno de Canarias para la ejecuci\u00f3n del tercer aerogenerador del Parque E\u00f3lico Botija. Su construcci\u00f3n es consolida el primer parque e\u00f3lico totalmente municipal de Canarias ya que este tercer molino se suma a los dos ya existentes en Los Llanos de Botija, lo que supondr\u00e1 aumentar significativamente la capacidad de producci\u00f3n de energ\u00eda limpia del parque, situando a G\u00e1ldar a la cabeza en la transici\u00f3n hacia las energ\u00edas renovables y la soberan\u00eda energ\u00e9tica local.<\/p>\n<p>Se trata de una instalaci\u00f3n de 0,8 MW que permitir\u00e1 al municipio alcanzar los 2,4 MW de potencia total, energ\u00eda que equivale a unas 620,72 toneladas de petr\u00f3leo anuales. <\/p>\n<p>Esta segunda fase del parque consiste en el suministro, instalaci\u00f3n, puesta en marcha y mantenimiento de un aerogenerador de tecnolog\u00eda Enercon E-53, junto con las infraestructuras complementarias de conexi\u00f3n y evacuaci\u00f3n. La inversi\u00f3n total asciende a 1.884.538,17 euros, cifra que se ver\u00e1 significativamente aliviada gracias a una subvenci\u00f3n estatal de 1,2 millones de euros aportados por el Ministerio para la Transici\u00f3n Ecol\u00f3gica y el Reto Demogr\u00e1fico, m\u00e1s 684.598,17 euros subvencionados por la Consejer\u00eda de Transici\u00f3n Ecol\u00f3gica y Energ\u00eda del Gobierno de Canarias.<\/p>\n<p>Este nuevo impulso financiero se suma a la primera fase del parque, que requiri\u00f3 una inversi\u00f3n de 2,5 millones de euros sufragados con fondos propios municipales y ayudas de la Uni\u00f3n Europea, en coherencia con el modelo de gesti\u00f3n p\u00fablica directa y local de la producci\u00f3n energ\u00e9tica en el Archipi\u00e9lago.<\/p>\n","protected":false},"excerpt":{"rendered":"<p>La construcci\u00f3n del tercer aerogenerador del Parque E\u00f3lico Botija-G\u00e1ldar avanza a buen ritmo y se prev\u00e9 que est\u00e9 instalado de forma definitiva en las pr\u00f3ximas semanas. Teodoro Sosa, alcalde de&hellip;<\/p>\n","protected":false},"author":1,"featured_media":4967,"comment_status":"open","ping_status":"open","sticky":false,"template":"","format":"standard","meta":{"wpai_generated_summary":"","wpai_meta_description":"","footnotes":""},"categories":[129],"tags":[],"class_list":["post-4957","post","type-post","status-publish","format-standard","has-post-thumbnail","hentry","category-ayuntamiento-de-galdar"],"_links":{"self":[{"href":"https:\/\/nublo.tv\/index.php\/wp-json\/wp\/v2\/posts\/4957","targetHints":{"allow":["GET"]}}],"collection":[{"href":"https:\/\/nublo.tv\/index.php\/wp-json\/wp\/v2\/posts"}],"about":[{"href":"https:\/\/nublo.tv\/index.php\/wp-json\/wp\/v2\/types\/post"}],"author":[{"embeddable":true,"href":"https:\/\/nublo.tv\/index.php\/wp-json\/wp\/v2\/users\/1"}],"replies":[{"embeddable":true,"href":"https:\/\/nublo.tv\/index.php\/wp-json\/wp\/v2\/comments?post=4957"}],"version-history":[{"count":1,"href":"https:\/\/nublo.tv\/index.php\/wp-json\/wp\/v2\/posts\/4957\/revisions"}],"predecessor-version":[{"id":4966,"href":"https:\/\/nublo.tv\/index.php\/wp-json\/wp\/v2\/posts\/4957\/revisions\/4966"}],"wp:featuredmedia":[{"embeddable":true,"href":"https:\/\/nublo.tv\/index.php\/wp-json\/wp\/v2\/media\/4967"}],"wp:attachment":[{"href":"https:\/\/nublo.tv\/index.php\/wp-json\/wp\/v2\/media?parent=4957"}],"wp:term":[{"taxonomy":"category","embeddable":true,"href":"https:\/\/nublo.tv\/index.php\/wp-json\/wp\/v2\/categories?post=4957"},{"taxonomy":"post_tag","embeddable":true,"href":"https:\/\/nublo.tv\/index.php\/wp-json\/wp\/v2\/tags?post=4957"}],"curies":[{"name":"wp","href":"https:\/\/api.w.org\/{rel}","templated":true}]}}