{"id":4962,"date":"2026-08-21T12:02:19","date_gmt":"2026-08-21T11:02:19","guid":{"rendered":"https:\/\/nublo.tv\/?p=4962"},"modified":"2026-08-27T12:35:29","modified_gmt":"2026-08-27T11:35:29","slug":"el-ayuntamiento-acomete-el-dragado-y-acondicionamiento-de-las-piscinas-naturales-de-la-laja","status":"publish","type":"post","link":"https:\/\/nublo.tv\/index.php\/2026\/08\/21\/el-ayuntamiento-acomete-el-dragado-y-acondicionamiento-de-las-piscinas-naturales-de-la-laja\/","title":{"rendered":"El Ayuntamiento acomete el dragado y acondicionamiento de las piscinas naturales de La Laja"},"content":{"rendered":"<div class=\"image col-sm-6 pull-right\">\n<div class=\"saga-imagen \">\n\t\t<a href=\"\/export\/sites\/laspalmasgc\/.galleries\/imagenes-noticias-2026\/Piscinas-La-Laja-20260821.png\" title=\"El Ayuntamiento acomete el dragado y acondicionamiento de las piscinas naturales de La Laja\" class=\"wrapper-image zoom-filter \"><br \/>\n\t\t\t\t\t<span class=\"sr-only\">Ampliar imagen<\/span><\/p>\n<div class=\"overlay-zoom\">\n\t\t\t\t\t\t<img loading=\"lazy\" decoding=\"async\" class=\"img-responsive\" src=\"\/export\/sites\/laspalmasgc\/.galleries\/imagenes-noticias-2026\/Piscinas-La-Laja-20260821.png_513066471.png\" width=\"900\" height=\"600\" alt=\"El Ayuntamiento acomete el dragado y acondicionamiento de las piscinas naturales de La Laja\"><\/p>\n<div class=\"zoom-icon\">\n\t                    \t<span class=\"fa fa-search-plus\" aria-hidden=\"true\"><\/span>\n\t                    <\/div>\n<\/p><\/div>\n<p>\t\t\t\t<\/a>\n\t\t\t<\/div>\n<\/p><\/div>\n<div class=\"container-fluid\">\n<p>Los trabajos de limpieza del fondo marino comenzar\u00e1n el pr\u00f3ximo jueves 27 de agosto y cuentan con un presupuesto de 130.177 euros y se desarrollar\u00e1n a lo largo de unas tres semanas<br \/>\u00a0<br \/>Ciudad del Mar y la empresa concesionaria han estructurado el trabajo por fases para minimizar las molestias y reabrir el ba\u00f1o a medida que concluya la actuaci\u00f3n en cada vaso<\/p>\n<p>Las Palmas de Gran Canaria, viernes 21 de agosto de 2026. La concejal\u00eda de Ciudad de Mar del Ayuntamiento de Las Palmas de Gran Canaria iniciar\u00e1 el pr\u00f3ximo jueves, 27 de agosto, los trabajos de dragado, limpieza e higienizaci\u00f3n de los fondos marinos en el complejo de las piscinas naturales de la playa de La Laja. La actuaci\u00f3n, adjudicada el pasado 31 de julio con una inversi\u00f3n de 130.177,57 euros a la empresa Bluematt Ingenier\u00eda Subacuatica SL, permitir\u00e1 retirar los sedimentos y arenas acumulados en los tres vasos para optimizar su estado de conservaci\u00f3n, salubridad y seguridad.<br \/>Los primeros trabajos sobre el terreno comenzar\u00e1n los d\u00edas 27 de agosto con el montaje de vallas, la se\u00f1al\u00e9tica de seguridad y el acopio de medios materiales necesarios. La actuaci\u00f3n de dragado comenzar\u00e1 el viernes 28 en el vaso situado m\u00e1s al norte y se llevar\u00e1 a cabo en funci\u00f3n de las mareas.\u00a0<br \/>La arena extra\u00edda mediante bombeo, no saldr\u00e1 del sistema y ser\u00e1 vertida y extendida posteriormente en el extremo norte de la playa.<br \/>El concejal del \u00e1rea de Ciudad de Mar, Pedro Quevedo, ha apuntado que \u201csomos plenamente conscientes de que ejecutar esta obra a finales de agosto puede generar inconvenientes a los usuarios en plena temporada estival, por lo que en primer lugar hay que pedir disculpas y agradecer de antemano la comprensi\u00f3n de todos los ciudadanos. Se trata de una actuaci\u00f3n indispensable, fijada por los plazos del contrato municipal e inamovible debido a la programaci\u00f3n t\u00e9cnica y operativa de la empresa adjudicataria. Es una obra muy necesaria que va a mejorar significativamente las condiciones de uso, la calidad y la seguridad de estas emblem\u00e1ticas instalaciones costeras\u00bb.\u00a0<br \/>El contrato establece formalmente un plazo m\u00e1ximo de ejecuci\u00f3n de un mes, aunque el Ayuntamiento y la empresa adjudicataria han articulado un plan de trabajo intensivo estimado entre dos y tres semanas y condicionado siempre al estado del mar y las mareas.\u00a0<br \/>Para reducir al m\u00e1ximo las afecciones al uso p\u00fablico, la obra no se ejecutar\u00e1 como un frente continuo, sino que se ha estructurado de manera modular y escalonada vaso a vaso. En primer lugar, el vaso norte, la piscina con mayor acumulaci\u00f3n de sedimentos que requerir\u00e1 el acceso inicial de camiones y maquinaria pesada. Por ello, durante esta primera fase ser\u00e1 necesario mantener cerrado temporalmente todo el complejo.\u00a0<br \/>Tras finalizar los trabajos en el vaso norte, este se reabrir\u00e1 inmediatamente al p\u00fablico y actuaci\u00f3n se trasladar\u00e1 al vaso central, el de mayor superficie. Con la reapertura del vaso central, las tareas se concentrar\u00e1n exclusivamente en la piscina sur, quedando el resto del recinto a pleno rendimiento para los ba\u00f1istas.\u00a0<br \/>Por estrictas razones de seguridad, las zonas en las que operen las bombas y la maquinaria pesada permanecer\u00e1n debidamente acordonadas y delimitadas. La reapertura de cada uno de los vasos se ir\u00e1 autorizando de forma progresiva a medida que concluyan las labores espec\u00edficas de extracci\u00f3n y se certifiquen plenamente las condiciones de seguridad y salubridad para los ba\u00f1istas.\u00a0<\/p>\n<\/div>\n","protected":false},"excerpt":{"rendered":"<p>Ampliar imagen Los trabajos de limpieza del fondo marino comenzar\u00e1n el pr\u00f3ximo jueves 27 de agosto y cuentan con un presupuesto de 130.177 euros y se desarrollar\u00e1n a lo largo&hellip;<\/p>\n","protected":false},"author":1,"featured_media":4973,"comment_status":"open","ping_status":"open","sticky":false,"template":"","format":"standard","meta":{"wpai_generated_summary":"","wpai_meta_description":"","footnotes":""},"categories":[132],"tags":[],"class_list":["post-4962","post","type-post","status-publish","format-standard","has-post-thumbnail","hentry","category-ayuntamiento-de-las-palmas-de-gran-canaria"],"_links":{"self":[{"href":"https:\/\/nublo.tv\/index.php\/wp-json\/wp\/v2\/posts\/4962","targetHints":{"allow":["GET"]}}],"collection":[{"href":"https:\/\/nublo.tv\/index.php\/wp-json\/wp\/v2\/posts"}],"about":[{"href":"https:\/\/nublo.tv\/index.php\/wp-json\/wp\/v2\/types\/post"}],"author":[{"embeddable":true,"href":"https:\/\/nublo.tv\/index.php\/wp-json\/wp\/v2\/users\/1"}],"replies":[{"embeddable":true,"href":"https:\/\/nublo.tv\/index.php\/wp-json\/wp\/v2\/comments?post=4962"}],"version-history":[{"count":1,"href":"https:\/\/nublo.tv\/index.php\/wp-json\/wp\/v2\/posts\/4962\/revisions"}],"predecessor-version":[{"id":4972,"href":"https:\/\/nublo.tv\/index.php\/wp-json\/wp\/v2\/posts\/4962\/revisions\/4972"}],"wp:featuredmedia":[{"embeddable":true,"href":"https:\/\/nublo.tv\/index.php\/wp-json\/wp\/v2\/media\/4973"}],"wp:attachment":[{"href":"https:\/\/nublo.tv\/index.php\/wp-json\/wp\/v2\/media?parent=4962"}],"wp:term":[{"taxonomy":"category","embeddable":true,"href":"https:\/\/nublo.tv\/index.php\/wp-json\/wp\/v2\/categories?post=4962"},{"taxonomy":"post_tag","embeddable":true,"href":"https:\/\/nublo.tv\/index.php\/wp-json\/wp\/v2\/tags?post=4962"}],"curies":[{"name":"wp","href":"https:\/\/api.w.org\/{rel}","templated":true}]}}