{"id":4964,"date":"2026-08-21T12:02:14","date_gmt":"2026-08-21T11:02:14","guid":{"rendered":"https:\/\/nublo.tv\/?p=4964"},"modified":"2026-08-27T12:35:29","modified_gmt":"2026-08-27T11:35:29","slug":"el-imd-impulsa-la-licitacion-para-la-finalizacion-del-pabellon-polideportivo-de-jinamar","status":"publish","type":"post","link":"https:\/\/nublo.tv\/index.php\/2026\/08\/21\/el-imd-impulsa-la-licitacion-para-la-finalizacion-del-pabellon-polideportivo-de-jinamar\/","title":{"rendered":"El IMD impulsa la licitaci\u00f3n para la finalizaci\u00f3n del Pabell\u00f3n Polideportivo de Jin\u00e1mar"},"content":{"rendered":"<div class=\"image col-sm-6 pull-right\">\n<div class=\"saga-imagen \">\n\t\t<a href=\"\/export\/sites\/laspalmasgc\/.galleries\/imagenes-noticias-2026\/Pabellon-Jinamar-20260821.png\" title=\"El IMD impulsa la licitaci\u00f3n para la finalizaci\u00f3n del Pabell\u00f3n Polideportivo de Jin\u00e1mar\" class=\"wrapper-image zoom-filter \"><br \/>\n\t\t\t\t\t<span class=\"sr-only\">Ampliar imagen<\/span><\/p>\n<div class=\"overlay-zoom\">\n\t\t\t\t\t\t<img loading=\"lazy\" decoding=\"async\" class=\"img-responsive\" src=\"\/export\/sites\/laspalmasgc\/.galleries\/imagenes-noticias-2026\/Pabellon-Jinamar-20260821.png_513066471.png\" width=\"900\" height=\"600\" alt=\"El IMD impulsa la licitaci\u00f3n para la finalizaci\u00f3n del Pabell\u00f3n Polideportivo de Jin\u00e1mar\"><\/p>\n<div class=\"zoom-icon\">\n\t                    \t<span class=\"fa fa-search-plus\" aria-hidden=\"true\"><\/span>\n\t                    <\/div>\n<\/p><\/div>\n<p>\t\t\t\t<\/a>\n\t\t\t<\/div>\n<\/p><\/div>\n<div class=\"container-fluid\">\n<p>El Consejo Rector del organismo municipal ha aprobado el inicio del expediente de contrataci\u00f3n para completar las obras del pabell\u00f3n, con un presupuesto de 3,8 millones de euros<br \/>\u00a0<br \/>El proyecto incorpora mejoras t\u00e9cnicas, una instalaci\u00f3n fotovoltaica, pavimento deportivo especializado y actuaciones de accesibilidad y urbanizaci\u00f3n para conectar el recinto con La Rambla de la Concepci\u00f3n<br \/>Las Palmas de Gran Canaria, viernes 21 de agosto de 2026. El Consejo Rector del Instituto Municipal para la Promoci\u00f3n de la Actividad F\u00edsica y el Deporte (IMD) del Ayuntamiento de Las Palmas de Gran Canaria ha aprobado el impulso de la licitaci\u00f3n para completar el Pabell\u00f3n Polideportivo de Jin\u00e1mar, situado en el Valle de Jin\u00e1mar. La actuaci\u00f3n permitir\u00e1 culminar una infraestructura destinada tanto a la pr\u00e1ctica deportiva como al desarrollo de actividades de car\u00e1cter polivalente.<br \/>El contrato tendr\u00e1 un plazo de ejecuci\u00f3n de once meses y un presupuesto de 3.795.116,31 euros, con 185.224,62 euros previstos para 2026 y 3.609.891,69 euros para 2027. La actuaci\u00f3n contempla la finalizaci\u00f3n de las obras e instalaciones pendientes en los tres niveles del edificio, con una previsi\u00f3n de finalizaci\u00f3n a finales de 2027.<br \/>La concejala de Deportes del Ayuntamiento y presidenta del IMD, Carla Campoamor, destac\u00f3 que \u201cel objetivo principal es incorporar mejoras que permitan que la instalaci\u00f3n responda mejor a las necesidades actuales de este n\u00facleo de poblaci\u00f3n, que forma parte de nuestro municipio\u201d. En este sentido, subray\u00f3 que \u201cdesde el Ayuntamiento estamos tomando las decisiones necesarias para que este pabell\u00f3n d\u00e9 un paso adelante y se convierta en una infraestructura de referencia para sus vecinos y vecinas\u201d.<br \/>Campoamor puso en valor que la nueva actuaci\u00f3n \u201csupone un salto cualitativo respecto al proyecto inicial\u201d, ya que permitir\u00e1 contar con \u201cun pabell\u00f3n con m\u00e1s posibilidades, mejores prestaciones y una mayor capacidad para responder a las necesidades deportivas de la ciudadan\u00eda\u201d. Una decisi\u00f3n, a\u00f1adi\u00f3, que \u201cdemuestra que estamos poniendo el inter\u00e9s de los vecinos y vecinas en el centro de las actuaciones municipales\u201d.<br \/>La actuaci\u00f3n permitir\u00e1 completar un edificio distribuido en tres niveles y ampliar la oferta deportiva del Valle de Jin\u00e1mar. La planta -1 concentrar\u00e1 la actividad deportiva, con cuatro canchas destinadas a f\u00fatbol sala, baloncesto, minibasket y voleibol, adem\u00e1s de cuatro vestuarios principales, dos vestuarios de \u00e1rbitros y los espacios necesarios para el funcionamiento de la instalaci\u00f3n.<br \/>La planta de acceso, conectada con La Rambla de la Concepci\u00f3n, dispondr\u00e1 de vest\u00edbulo y recepci\u00f3n, grader\u00edo con vistas a las canchas, aseos p\u00fablicos y una zona destinada a gimnasio con vestuarios. Tambi\u00e9n contar\u00e1 con una sala de reuniones y otros espacios auxiliares vinculados a la actividad del pabell\u00f3n.<br \/>Una de las principales novedades respecto al proyecto original ser\u00e1 la incorporaci\u00f3n de la primera planta, que permitir\u00e1 ampliar los usos de la instalaci\u00f3n con dos grandes salas polivalentes destinadas a acoger diferentes actividades. El proyecto contempla adem\u00e1s la finalizaci\u00f3n de la estructura, las fachadas y la cubierta, as\u00ed como la puesta en servicio de las instalaciones necesarias para garantizar el funcionamiento del edificio.<br \/>El pabell\u00f3n incorporar\u00e1 el equipamiento deportivo necesario para su puesta en funcionamiento, incluido el pavimento espec\u00edfico de la zona de juego y los sistemas de protecci\u00f3n, as\u00ed como una instalaci\u00f3n fotovoltaica que contribuir\u00e1 a mejorar su eficiencia energ\u00e9tica. Asimismo, los trabajos contemplan actuaciones en el entorno inmediato, con mejoras de las aceras, los espacios verdes y los recorridos peatonales para reforzar su conexi\u00f3n con La Rambla de la Concepci\u00f3n, cuyos accesos se adecuar\u00e1n tambi\u00e9n para facilitar la llegada de veh\u00edculos de emergencia.<br \/>La finalizaci\u00f3n del pabell\u00f3n permitir\u00e1 dotar a Jin\u00e1mar de un espacio deportivo de mayores dimensiones y con capacidad para acoger diferentes disciplinas y actividades. En este sentido, destac\u00f3 la nueva configuraci\u00f3n de la instalaci\u00f3n favorecer\u00e1 la pr\u00e1ctica deportiva reglada, as\u00ed como la celebraci\u00f3n de iniciativas dirigidas a distintos colectivos y edades.<br \/>Esta actuaci\u00f3n forma parte del proceso de mejora y ampliaci\u00f3n de la red municipal de instalaciones deportivas, que actualmente cuenta con m\u00e1s de 140 espacios gestionados por el IMD. As\u00ed, la puesta en servicio del pabell\u00f3n supondr\u00e1 ampliar las posibilidades de acceso al deporte y generar un nuevo espacio de encuentro para la ciudadan\u00eda de Jin\u00e1mar y de su entorno.\u00a0<\/p>\n<\/div>\n","protected":false},"excerpt":{"rendered":"<p>Ampliar imagen El Consejo Rector del organismo municipal ha aprobado el inicio del expediente de contrataci\u00f3n para completar las obras del pabell\u00f3n, con un presupuesto de 3,8 millones de euros\u00a0El&hellip;<\/p>\n","protected":false},"author":1,"featured_media":4971,"comment_status":"open","ping_status":"open","sticky":false,"template":"","format":"standard","meta":{"wpai_generated_summary":"","wpai_meta_description":"","footnotes":""},"categories":[132],"tags":[],"class_list":["post-4964","post","type-post","status-publish","format-standard","has-post-thumbnail","hentry","category-ayuntamiento-de-las-palmas-de-gran-canaria"],"_links":{"self":[{"href":"https:\/\/nublo.tv\/index.php\/wp-json\/wp\/v2\/posts\/4964","targetHints":{"allow":["GET"]}}],"collection":[{"href":"https:\/\/nublo.tv\/index.php\/wp-json\/wp\/v2\/posts"}],"about":[{"href":"https:\/\/nublo.tv\/index.php\/wp-json\/wp\/v2\/types\/post"}],"author":[{"embeddable":true,"href":"https:\/\/nublo.tv\/index.php\/wp-json\/wp\/v2\/users\/1"}],"replies":[{"embeddable":true,"href":"https:\/\/nublo.tv\/index.php\/wp-json\/wp\/v2\/comments?post=4964"}],"version-history":[{"count":1,"href":"https:\/\/nublo.tv\/index.php\/wp-json\/wp\/v2\/posts\/4964\/revisions"}],"predecessor-version":[{"id":4970,"href":"https:\/\/nublo.tv\/index.php\/wp-json\/wp\/v2\/posts\/4964\/revisions\/4970"}],"wp:featuredmedia":[{"embeddable":true,"href":"https:\/\/nublo.tv\/index.php\/wp-json\/wp\/v2\/media\/4971"}],"wp:attachment":[{"href":"https:\/\/nublo.tv\/index.php\/wp-json\/wp\/v2\/media?parent=4964"}],"wp:term":[{"taxonomy":"category","embeddable":true,"href":"https:\/\/nublo.tv\/index.php\/wp-json\/wp\/v2\/categories?post=4964"},{"taxonomy":"post_tag","embeddable":true,"href":"https:\/\/nublo.tv\/index.php\/wp-json\/wp\/v2\/tags?post=4964"}],"curies":[{"name":"wp","href":"https:\/\/api.w.org\/{rel}","templated":true}]}}