{"id":4982,"date":"2026-08-21T12:38:10","date_gmt":"2026-08-21T11:38:10","guid":{"rendered":"https:\/\/nublo.tv\/?p=4982"},"modified":"2026-08-27T12:35:29","modified_gmt":"2026-08-27T11:35:29","slug":"el-ayuntamiento-inicia-las-obras-de-acondicionamiento-del-pabellon-jesus-telo","status":"publish","type":"post","link":"https:\/\/nublo.tv\/index.php\/2026\/08\/21\/el-ayuntamiento-inicia-las-obras-de-acondicionamiento-del-pabellon-jesus-telo\/","title":{"rendered":"El Ayuntamiento inicia las obras de acondicionamiento del pabell\u00f3n Jes\u00fas Telo"},"content":{"rendered":"<div class=\"image col-sm-6 pull-right\">\n<div class=\"saga-imagen \">\n\t\t<a href=\"\/export\/sites\/laspalmasgc\/.galleries\/imagenes-noticias-2026\/El-Ayuntamiento-inicia-las-obras-de-acondicionamiento-del-pabellon-Jesus-Telo-20260821.png\" title=\"El Ayuntamiento inicia las obras de acondicionamiento del pabell\u00f3n Jes\u00fas Telo\" class=\"wrapper-image zoom-filter \"><br \/>\n\t\t\t\t\t<span class=\"sr-only\">Ampliar imagen<\/span><\/p>\n<div class=\"overlay-zoom\">\n\t\t\t\t\t\t<img loading=\"lazy\" decoding=\"async\" class=\"img-responsive\" src=\"\/export\/sites\/laspalmasgc\/.galleries\/imagenes-noticias-2026\/El-Ayuntamiento-inicia-las-obras-de-acondicionamiento-del-pabellon-Jesus-Telo-20260821.png_513066471.png\" width=\"900\" height=\"600\" alt=\"El Ayuntamiento inicia las obras de acondicionamiento del pabell\u00f3n Jes\u00fas Telo\"><\/p>\n<div class=\"zoom-icon\">\n\t                    \t<span class=\"fa fa-search-plus\" aria-hidden=\"true\"><\/span>\n\t                    <\/div>\n<\/p><\/div>\n<p>\t\t\t\t<\/a>\n\t\t\t<\/div>\n<\/p><\/div>\n<div class=\"container-fluid\">\n<p>La actuaci\u00f3n, con una inversi\u00f3n de 631.139,50 euros, permitir\u00e1 renovar la cubierta y el pavimento deportivo interior de la instalaci\u00f3n de La Isleta<\/p>\n<p>El proyecto incluye tambi\u00e9n un nuevo marcador electr\u00f3nico con tecnolog\u00eda LED y actuaciones de mejora en otros elementos del pabell\u00f3n<\/p>\n<p>Las Palmas de Gran Canaria, 21 de agosto de 2026. El Ayuntamiento de Las Palmas de Gran Canaria, a trav\u00e9s del Instituto Municipal para la Promoci\u00f3n de la Actividad F\u00edsica y el Deporte (IMD), ha iniciado las obras de acondicionamiento de la cubierta y del pavimento interior del pabell\u00f3n Jes\u00fas Telo, en el barrio de La Isleta, con una inversi\u00f3n de 631.139,50 euros.<br \/>La intervenci\u00f3n permitir\u00e1 solucionar los problemas de filtraciones de humedad que afectan al recinto como consecuencia del deterioro progresivo de la cubierta, especialmente expuesta a las exigentes condiciones del entorno marino, la salinidad y la elevada humedad ambiental propias de su proximidad al litoral.<br \/>La concejala de Deportes, Carla Campoamor, ha destacado que \u201ccon el inicio de estas obras damos respuesta a una necesidad importante del pabell\u00f3n Jes\u00fas Telo y mejoramos de forma integral un espacio que utilizan a diario numerosos ni\u00f1os, ni\u00f1as, j\u00f3venes y familias de La Isleta\u201d. En este sentido, ha se\u00f1alado que \u201cla renovaci\u00f3n de la cubierta permitir\u00e1 acabar con los problemas de filtraciones, mientras que el nuevo pavimento deportivo ofrecer\u00e1 unas condiciones m\u00e1s seguras y adecuadas para la pr\u00e1ctica de las distintas disciplinas que se desarrollan en este recinto\u201d.<br \/>Campoamor ha subrayado adem\u00e1s que \u201cesta intervenci\u00f3n forma parte del trabajo que estamos realizando para modernizar y mejorar las instalaciones deportivas municipales en los barrios, garantizando espacios de calidad, seguros y accesibles para el deporte base y federado\u201d. \u201cQueremos que las instalaciones municipales est\u00e9n en las mejores condiciones posibles y que quienes practican deporte en la ciudad puedan hacerlo con todas las garant\u00edas\u201d, ha a\u00f1adido.<br \/>Los trabajos contemplan la renovaci\u00f3n integral de la cubierta mediante la colocaci\u00f3n de una nueva sobre la existente, a modo de segunda piel, sin necesidad de demoler la actual. La soluci\u00f3n emplear\u00e1 un sistema de engatillado que permite unir las planchas met\u00e1licas sin perforarlas, evitando puntos vulnerables a la entrada de agua y mejorando la impermeabilizaci\u00f3n y la durabilidad del conjunto. Previamente, se reparar\u00e1n las zonas deterioradas de la cubierta actual.<br \/>La intervenci\u00f3n incluye tambi\u00e9n la sustituci\u00f3n completa del pavimento deportivo de la pista principal, por una tarima de madera maciza de haya de altas prestaciones biomec\u00e1nicas. El nuevo sistema, de car\u00e1cter areael\u00e1stico, permitir\u00e1 una distribuci\u00f3n m\u00e1s uniforme de la energ\u00eda de impacto, favoreciendo una mejor absorci\u00f3n de los impactos y una mayor protecci\u00f3n articular para las personas que practican deporte en el pabell\u00f3n.<br \/>El proyecto se completar\u00e1 con la instalaci\u00f3n de un nuevo marcador electr\u00f3nico mural con una pantalla LED de tres metros cuadrados, dise\u00f1ado espec\u00edficamente para espacios interiores. El equipamiento contar\u00e1 con tecnolog\u00eda LED SMD de bajo consumo, un \u00e1ngulo de visi\u00f3n de 140 grados y un sistema multideporte adaptado a disciplinas como baloncesto, f\u00fatbol sala, gimnasia o judo. Asimismo, incorporar\u00e1 un ordenador de control con software deportivo y multimedia para facilitar la gesti\u00f3n de los encuentros.<\/p>\n<\/div>\n","protected":false},"excerpt":{"rendered":"<p>Ampliar imagen La actuaci\u00f3n, con una inversi\u00f3n de 631.139,50 euros, permitir\u00e1 renovar la cubierta y el pavimento deportivo interior de la instalaci\u00f3n de La Isleta El proyecto incluye tambi\u00e9n un&hellip;<\/p>\n","protected":false},"author":1,"featured_media":4987,"comment_status":"open","ping_status":"open","sticky":false,"template":"","format":"standard","meta":{"wpai_generated_summary":"","wpai_meta_description":"","footnotes":""},"categories":[132],"tags":[],"class_list":["post-4982","post","type-post","status-publish","format-standard","has-post-thumbnail","hentry","category-ayuntamiento-de-las-palmas-de-gran-canaria"],"_links":{"self":[{"href":"https:\/\/nublo.tv\/index.php\/wp-json\/wp\/v2\/posts\/4982","targetHints":{"allow":["GET"]}}],"collection":[{"href":"https:\/\/nublo.tv\/index.php\/wp-json\/wp\/v2\/posts"}],"about":[{"href":"https:\/\/nublo.tv\/index.php\/wp-json\/wp\/v2\/types\/post"}],"author":[{"embeddable":true,"href":"https:\/\/nublo.tv\/index.php\/wp-json\/wp\/v2\/users\/1"}],"replies":[{"embeddable":true,"href":"https:\/\/nublo.tv\/index.php\/wp-json\/wp\/v2\/comments?post=4982"}],"version-history":[{"count":1,"href":"https:\/\/nublo.tv\/index.php\/wp-json\/wp\/v2\/posts\/4982\/revisions"}],"predecessor-version":[{"id":4986,"href":"https:\/\/nublo.tv\/index.php\/wp-json\/wp\/v2\/posts\/4982\/revisions\/4986"}],"wp:featuredmedia":[{"embeddable":true,"href":"https:\/\/nublo.tv\/index.php\/wp-json\/wp\/v2\/media\/4987"}],"wp:attachment":[{"href":"https:\/\/nublo.tv\/index.php\/wp-json\/wp\/v2\/media?parent=4982"}],"wp:term":[{"taxonomy":"category","embeddable":true,"href":"https:\/\/nublo.tv\/index.php\/wp-json\/wp\/v2\/categories?post=4982"},{"taxonomy":"post_tag","embeddable":true,"href":"https:\/\/nublo.tv\/index.php\/wp-json\/wp\/v2\/tags?post=4982"}],"curies":[{"name":"wp","href":"https:\/\/api.w.org\/{rel}","templated":true}]}}