{"id":4993,"date":"2026-08-21T15:00:32","date_gmt":"2026-08-21T14:00:32","guid":{"rendered":"https:\/\/nublo.tv\/?p=4993"},"modified":"2026-08-21T15:00:32","modified_gmt":"2026-08-21T14:00:32","slug":"el-ayuntamiento-licita-instalacion-de-paneles-fotovoltaicos-en-siete-colegios-publicos-con-una-inversion-de-mas-de-2-millones-de-euros","status":"publish","type":"post","link":"https:\/\/nublo.tv\/index.php\/2026\/08\/21\/el-ayuntamiento-licita-instalacion-de-paneles-fotovoltaicos-en-siete-colegios-publicos-con-una-inversion-de-mas-de-2-millones-de-euros\/","title":{"rendered":"El Ayuntamiento licita instalaci\u00f3n de paneles fotovoltaicos en siete colegios p\u00fablicos con una inversi\u00f3n de m\u00e1s de 2 millones de euros"},"content":{"rendered":"<div class=\"image col-sm-6 pull-right\">\n<div class=\"saga-imagen \">\n\t\t<a href=\"\/export\/sites\/laspalmasgc\/.galleries\/imagenes-noticias-2026\/La-estructura-proyectada-que-se-instalara-en-la-cubierta-de-los-centros-20260821.png\" title=\"El Ayuntamiento licita instalaci\u00f3n de paneles fotovoltaicos en siete colegios p\u00fablicos con una inversi\u00f3n de m\u00e1s de 2 millones de euros\" class=\"wrapper-image zoom-filter \"><br \/>\n\t\t\t\t\t<span class=\"sr-only\">Ampliar imagen<\/span><\/p>\n<div class=\"overlay-zoom\">\n\t\t\t\t\t\t<img loading=\"lazy\" decoding=\"async\" class=\"img-responsive\" src=\"\/export\/sites\/laspalmasgc\/.galleries\/imagenes-noticias-2026\/La-estructura-proyectada-que-se-instalara-en-la-cubierta-de-los-centros-20260821.png_513066471.png\" width=\"900\" height=\"600\" alt=\"El Ayuntamiento licita instalaci\u00f3n de paneles fotovoltaicos en siete colegios p\u00fablicos con una inversi\u00f3n de m\u00e1s de 2 millones de euros\"><\/p>\n<div class=\"zoom-icon\">\n\t                    \t<span class=\"fa fa-search-plus\" aria-hidden=\"true\"><\/span>\n\t                    <\/div>\n<\/p><\/div>\n<p>\t\t\t\t<\/a>\n\t\t\t<\/div>\n<\/p><\/div>\n<div class=\"container-fluid\">\n<p>La actuaci\u00f3n que impulsada por la Concejal\u00eda de Planificaci\u00f3n, Desarroll\u00f3 Urbano y Vivienda, financiada con fondos municipales, permitir\u00e1 avanzar en el autoconsumo energ\u00e9tico con fuentes renovables en centros educativos de la ciudad<br \/>Las Palmas de Gran Canaria, viernes 21 de agosto de 2026. El Ayuntamiento de Las Palmas de Gran Canaria, a trav\u00e9s de la Concejal\u00eda de Planificaci\u00f3n, Desarrollo Urbano y Vivienda, ha sacado a licitaci\u00f3n el proyecto de instalaciones de autoconsumo con fuentes renovables en siete colegios p\u00fablicos de la ciudad, una actuaci\u00f3n que cuenta con una inversi\u00f3n total de m\u00e1s de 2 millones de euros, financiada con fondos propios municipales.<br \/>El proyecto, impulsado por el \u00e1rea que dirige Mauricio Roque, contempla la instalaci\u00f3n de sistemas de generaci\u00f3n de energ\u00eda fotovoltaica para autoconsumo en siete centros educativos, distribuidos en otros tantos lotes, con el objetivo de impulsar el uso de energ\u00edas renovables y avanzar en la eficiencia y sostenibilidad energ\u00e9tica de los edificios p\u00fablicos municipales.<br \/>En concreto, los centros incluidos en la licitaci\u00f3n y el presupuesto previsto para cada lote son el CEIP Ad\u00e1n del Castillo, con una inversi\u00f3n de 224.031,77 euros; CEIP Ciudad del Campo (284.286,58 euros); CEIP Hoya Andrea (150.944,09 euros); CEIP Escaleritas (Isabel La Cat\u00f3lica) (258.263,65 euros); CEIP La Paterna (297.396,28 euros); CEIP Alfredo Kraus (448.627,39 euros) y CEIP Gran Canaria (378.842,67 euros).<br \/>La iniciativa supone un compromiso municipal por la implantaci\u00f3n de energ\u00edas renovables en los edificios p\u00fablicos, incorporando instalaciones fotovoltaicas destinadas al autoconsumo en centros educativos de la ciudad.<br \/>Con esta actuaci\u00f3n, el Ayuntamiento de Las Palmas de Gran Canaria contin\u00faa avanzando en la incorporaci\u00f3n de soluciones energ\u00e9ticas m\u00e1s sostenibles en sus instalaciones y en la promoci\u00f3n de un modelo de consumo basado en fuentes renovables, al tiempo que contribuye a mejorar la eficiencia energ\u00e9tica de los centros escolares.<br \/>La licitaci\u00f3n se articula en siete lotes independientes, correspondientes a cada uno de los colegios incluidos en el proyecto, con una inversi\u00f3n conjunta de 2.042.392,43 euros.<br \/>Las empresas podr\u00e1n presentar sus ofertas hasta el pr\u00f3ximo 10 de septiembre. \u00a0<\/p>\n<\/div>\n","protected":false},"excerpt":{"rendered":"<p>Ampliar imagen La actuaci\u00f3n que impulsada por la Concejal\u00eda de Planificaci\u00f3n, Desarroll\u00f3 Urbano y Vivienda, financiada con fondos municipales, permitir\u00e1 avanzar en el autoconsumo energ\u00e9tico con fuentes renovables en centros&hellip;<\/p>\n","protected":false},"author":1,"featured_media":5000,"comment_status":"open","ping_status":"open","sticky":false,"template":"","format":"standard","meta":{"wpai_generated_summary":"","wpai_meta_description":"","footnotes":""},"categories":[132],"tags":[],"class_list":["post-4993","post","type-post","status-publish","format-standard","has-post-thumbnail","hentry","category-ayuntamiento-de-las-palmas-de-gran-canaria"],"_links":{"self":[{"href":"https:\/\/nublo.tv\/index.php\/wp-json\/wp\/v2\/posts\/4993","targetHints":{"allow":["GET"]}}],"collection":[{"href":"https:\/\/nublo.tv\/index.php\/wp-json\/wp\/v2\/posts"}],"about":[{"href":"https:\/\/nublo.tv\/index.php\/wp-json\/wp\/v2\/types\/post"}],"author":[{"embeddable":true,"href":"https:\/\/nublo.tv\/index.php\/wp-json\/wp\/v2\/users\/1"}],"replies":[{"embeddable":true,"href":"https:\/\/nublo.tv\/index.php\/wp-json\/wp\/v2\/comments?post=4993"}],"version-history":[{"count":1,"href":"https:\/\/nublo.tv\/index.php\/wp-json\/wp\/v2\/posts\/4993\/revisions"}],"predecessor-version":[{"id":4999,"href":"https:\/\/nublo.tv\/index.php\/wp-json\/wp\/v2\/posts\/4993\/revisions\/4999"}],"wp:featuredmedia":[{"embeddable":true,"href":"https:\/\/nublo.tv\/index.php\/wp-json\/wp\/v2\/media\/5000"}],"wp:attachment":[{"href":"https:\/\/nublo.tv\/index.php\/wp-json\/wp\/v2\/media?parent=4993"}],"wp:term":[{"taxonomy":"category","embeddable":true,"href":"https:\/\/nublo.tv\/index.php\/wp-json\/wp\/v2\/categories?post=4993"},{"taxonomy":"post_tag","embeddable":true,"href":"https:\/\/nublo.tv\/index.php\/wp-json\/wp\/v2\/tags?post=4993"}],"curies":[{"name":"wp","href":"https:\/\/api.w.org\/{rel}","templated":true}]}}