{"id":4995,"date":"2026-08-21T15:00:27","date_gmt":"2026-08-21T14:00:27","guid":{"rendered":"https:\/\/nublo.tv\/?p=4995"},"modified":"2026-08-21T15:00:27","modified_gmt":"2026-08-21T14:00:27","slug":"musicando-adelanta-el-horario-en-su-nueva-temporada","status":"publish","type":"post","link":"https:\/\/nublo.tv\/index.php\/2026\/08\/21\/musicando-adelanta-el-horario-en-su-nueva-temporada\/","title":{"rendered":"\u00abMusicando\u00bb adelanta el horario en su nueva temporada"},"content":{"rendered":"<div class=\"image col-sm-6 pull-right\">\n<div class=\"saga-imagen \">\n\t\t<a href=\"\/export\/sites\/laspalmasgc\/.galleries\/imagenes-noticias-2026\/MUSICANDO-20260821.png\" title=\"\u00abMusicando\u00bb adelanta el horario en su nueva temporada\" class=\"wrapper-image zoom-filter \"><br \/>\n\t\t\t\t\t<span class=\"sr-only\">Ampliar imagen<\/span><\/p>\n<div class=\"overlay-zoom\">\n\t\t\t\t\t\t<img loading=\"lazy\" decoding=\"async\" class=\"img-responsive\" src=\"\/export\/sites\/laspalmasgc\/.galleries\/imagenes-noticias-2026\/MUSICANDO-20260821.png_513066471.png\" width=\"900\" height=\"600\" alt=\"\u00abMusicando\u00bb adelanta el horario en su nueva temporada\"><\/p>\n<div class=\"zoom-icon\">\n\t                    \t<span class=\"fa fa-search-plus\" aria-hidden=\"true\"><\/span>\n\t                    <\/div>\n<\/p><\/div>\n<p>\t\t\t\t<\/a>\n\t\t\t<\/div>\n<\/p><\/div>\n<div class=\"container-fluid\">\n<p>Todos los conciertos, que ser\u00e1n siempre de acceso libre, comenzar\u00e1n a las 20:30 horas en el Auditorio Jos\u00e9 Antonio Ramos del parque Doramas<\/p>\n<p>El ciclo ofrecer\u00e1 cuatro oportunidades para disfrutar de la m\u00fasica de ra\u00edz al aire libre de septiembre a diciembre<\/p>\n<p>Las Palmas de Gran Canaria, viernes 21 de agosto de 2026. \u00abMusicando\u00bb adelanta su horario. La nueva temporada del ciclo que permite disfrutar de la m\u00fasica de ra\u00edz al aire libre contempla hasta diciembre cuatro conciertos que comenzar\u00e1n a las 20:30 horas, es decir, 30 minutos antes de lo habitual hasta la fecha. El primero de ellos ser\u00e1 el de SwingStar que se subir\u00e1 a las tablas del Auditorio Jos\u00e9 Antonio Ramos el pr\u00f3ximo 5 de septiembre.<br \/>Ra\u00edces Atl\u00e1ntikas har\u00e1 lo propio el 10 de octubre; mientras que noviembre reserva la programaci\u00f3n del d\u00eda 7 a una nueva convocatoria de \u00abCelebrando a JAR\u00bb en la que el timplista y guitarrista Abraham Ramos Chodo ser\u00e1 el encargado de dirigir el homenaje a la herencia del reconocido y fallecido Jos\u00e9 Antonio Ramos. Diciembre tambi\u00e9n contar\u00e1 con una cita especial que sonar\u00e1 a Navidad con acento canario gracias a las voces de Jos\u00e9 Manuel Ramos, Candelaria Gonz\u00e1lez, David Mu\u00f1oz y Yumara Luis.<br \/>El acceso a los conciertos ser\u00e1 libre hasta completar el aforo del espacio en el que la tarde del 5 de septiembre SwingStar presentar\u00e1 &#8216;Con alma&#8217;. Un viaje lleno de emoci\u00f3n, armon\u00eda y ternura en el que cada nota est\u00e1 impregnada del deseo de acariciar el alma.<br \/>Las componentes de Ra\u00edces Atl\u00e1ntikas tomar\u00e1n el parque Doramas el 10 de octubre, donde dar\u00e1n buena cuenta del papel de la mujer en el panorama musical isle\u00f1o a trav\u00e9s de la fusi\u00f3n de ra\u00edces, identidad y m\u00fasica popular diversa.<br \/>Un a\u00f1o m\u00e1s, en noviembre, el Auditorio Jos\u00e9 Antonio Ramos conmemorar\u00e1 el cumplea\u00f1os del timplista que le da nombre. Lo har\u00e1, bajo el t\u00edtulo de &#8216;Celebrando a JAR&#8217;, propuesta que, en esta ocasi\u00f3n, dirigir\u00e1 uno de sus alumnos m\u00e1s aventajados, Abraham Ramos Chodo, timplista, guitarrista e integrante de proyectos de gran calado popular.<br \/>Junto a \u00e9l, la herencia de Jos\u00e9 Antonio Ramos se expandir\u00e1 gracias a las intervenciones de creadores con universos muy particulares. Por un lado, estar\u00e1 el polifac\u00e9tico artista urbano y poeta que destaca por su versatilidad l\u00edrica y su capacidad para fusionar desde lo urbano hasta lo sinf\u00f3nico, OM Dom\u00ednguez. Por otro, se sumar\u00e1 Bel\u00e9n A. Doreste, quien est\u00e1 al frente de Lajalada, una de las propuestas art\u00edsticas m\u00e1s sugerentes de las Islas caracterizada por un personal\u00edsimo lenguaje que cruza la canci\u00f3n de autor, el folclore isle\u00f1o y la electr\u00f3nica anal\u00f3gica.<br \/>Cerrar\u00e1n la temporada de \u00abMusicando\u00bb el 12 de diciembre Jos\u00e9 Manuel Ramos, Candelaria Gonz\u00e1lez, David Mu\u00f1oz y Yumara Luis. Las voces m\u00e1s atl\u00e1nticas interpretar\u00e1n villancicos populares del Archipi\u00e9lago, evocando al calor del hogar propio de las fechas.<\/p>\n<\/div>\n","protected":false},"excerpt":{"rendered":"<p>Ampliar imagen Todos los conciertos, que ser\u00e1n siempre de acceso libre, comenzar\u00e1n a las 20:30 horas en el Auditorio Jos\u00e9 Antonio Ramos del parque Doramas El ciclo ofrecer\u00e1 cuatro oportunidades&hellip;<\/p>\n","protected":false},"author":1,"featured_media":4998,"comment_status":"open","ping_status":"open","sticky":false,"template":"","format":"standard","meta":{"wpai_generated_summary":"","wpai_meta_description":"","footnotes":""},"categories":[132],"tags":[],"class_list":["post-4995","post","type-post","status-publish","format-standard","has-post-thumbnail","hentry","category-ayuntamiento-de-las-palmas-de-gran-canaria"],"_links":{"self":[{"href":"https:\/\/nublo.tv\/index.php\/wp-json\/wp\/v2\/posts\/4995","targetHints":{"allow":["GET"]}}],"collection":[{"href":"https:\/\/nublo.tv\/index.php\/wp-json\/wp\/v2\/posts"}],"about":[{"href":"https:\/\/nublo.tv\/index.php\/wp-json\/wp\/v2\/types\/post"}],"author":[{"embeddable":true,"href":"https:\/\/nublo.tv\/index.php\/wp-json\/wp\/v2\/users\/1"}],"replies":[{"embeddable":true,"href":"https:\/\/nublo.tv\/index.php\/wp-json\/wp\/v2\/comments?post=4995"}],"version-history":[{"count":1,"href":"https:\/\/nublo.tv\/index.php\/wp-json\/wp\/v2\/posts\/4995\/revisions"}],"predecessor-version":[{"id":4997,"href":"https:\/\/nublo.tv\/index.php\/wp-json\/wp\/v2\/posts\/4995\/revisions\/4997"}],"wp:featuredmedia":[{"embeddable":true,"href":"https:\/\/nublo.tv\/index.php\/wp-json\/wp\/v2\/media\/4998"}],"wp:attachment":[{"href":"https:\/\/nublo.tv\/index.php\/wp-json\/wp\/v2\/media?parent=4995"}],"wp:term":[{"taxonomy":"category","embeddable":true,"href":"https:\/\/nublo.tv\/index.php\/wp-json\/wp\/v2\/categories?post=4995"},{"taxonomy":"post_tag","embeddable":true,"href":"https:\/\/nublo.tv\/index.php\/wp-json\/wp\/v2\/tags?post=4995"}],"curies":[{"name":"wp","href":"https:\/\/api.w.org\/{rel}","templated":true}]}}