{"id":50,"date":"2026-08-04T17:37:06","date_gmt":"2026-08-04T16:37:06","guid":{"rendered":"https:\/\/nublo.tv\/?p=50"},"modified":"2026-08-04T17:37:06","modified_gmt":"2026-08-04T16:37:06","slug":"el-ayuntamiento-de-galdar-celebra-este-jueves-por-la-manana-su-pleno-ordinario-del-mes-de-julio","status":"publish","type":"post","link":"https:\/\/nublo.tv\/index.php\/2026\/08\/04\/el-ayuntamiento-de-galdar-celebra-este-jueves-por-la-manana-su-pleno-ordinario-del-mes-de-julio\/","title":{"rendered":"El Ayuntamiento de G\u00e1ldar celebra este jueves por la ma\u00f1ana su Pleno Ordinario del mes de julio"},"content":{"rendered":"<p>El Ayuntamiento de G\u00e1ldar ha convocado para este jueves 30 de julio de 2026, a las 9.00 horas, el Pleno de car\u00e1cter ordinario correspondiente al mes de julio. La sesi\u00f3n, que ser\u00e1 retransmitida en directo por Radio G\u00e1ldar (107.9 FM) y el canal oficial de Facebook del Ayuntamiento, se celebrar\u00e1 en el Sal\u00f3n de Plenos de las Casas Consistoriales en base al siguiente Orden del D\u00eda:<\/p>\n<p>1.- Aprobaci\u00f3n, si procede, acta sesi\u00f3n anterior.<br \/>\n2.- Moci\u00f3n del grupo mixto Unidos por Gran Canaria para la adopci\u00f3n de medidas urgentes ante la proliferaci\u00f3n de serpientes (culebra real de California) en el municipio de G\u00e1ldar. Acuerdo procedente.<br \/>\n3.- Moci\u00f3n institucional de los grupos pol\u00edticos con representaci\u00f3n en el Ayuntamiento de G\u00e1ldar para la adopci\u00f3n de medidas urgentes ante la situaci\u00f3n de saturaci\u00f3n de los servicios de urgencias hospitalarias. Acuerdo procedente.<br \/>\n4.- Adenda al convenio de colaboraci\u00f3n entre el Consejo Insular de la Energ\u00eda de Gran Canaria y el Ayuntamiento de G\u00e1ldar para la integraci\u00f3n y gesti\u00f3n de estaciones de recarga de veh\u00edculos el\u00e9ctricos en la Red Insular de Recarga de Veh\u00edculos El\u00e9ctricos de Gran Canaria. Acuerdo procedente.<br \/>\n5.- Daci\u00f3n de cuenta aprobaci\u00f3n del convenio de colaboraci\u00f3n entre la Consejer\u00eda de Sanidad del Gobierno de Canarias y el Instituto Municipal de Toxicoman\u00edas e intervenci\u00f3n en \u00e1reas sociales del Ayuntamiento de G\u00e1ldar, ejecuci\u00f3n del programa terap\u00e9utico ambulatorio para personas con trastornos adictivos de la unidad de conductas adictivas, unidad de farmacia y laboratorio, programa de menores, programa de educadores de calle y unidad de prevenci\u00f3n.<br \/>\n6.- Aprobaci\u00f3n inicial de la modificaci\u00f3n menor del Plan General de Ordenaci\u00f3n de G\u00e1ldar en el \u00e1mbito del Asentamiento Rural AR-16 Los Lomos. Acuerdos procedentes.<br \/>\n7.- Asuntos de la presidencia.<br \/>\n8.- Ruegos y preguntas.<\/p>\n","protected":false},"excerpt":{"rendered":"<p>El Ayuntamiento de G\u00e1ldar ha convocado para este jueves 30 de julio de 2026, a las 9.00 horas, el Pleno de car\u00e1cter ordinario correspondiente al mes de julio. La sesi\u00f3n,&hellip;<\/p>\n","protected":false},"author":2,"featured_media":51,"comment_status":"open","ping_status":"open","sticky":false,"template":"","format":"standard","meta":{"wpai_generated_summary":"","wpai_meta_description":"","footnotes":""},"categories":[129],"tags":[],"class_list":["post-50","post","type-post","status-publish","format-standard","has-post-thumbnail","hentry","category-ayuntamiento-de-galdar"],"_links":{"self":[{"href":"https:\/\/nublo.tv\/index.php\/wp-json\/wp\/v2\/posts\/50","targetHints":{"allow":["GET"]}}],"collection":[{"href":"https:\/\/nublo.tv\/index.php\/wp-json\/wp\/v2\/posts"}],"about":[{"href":"https:\/\/nublo.tv\/index.php\/wp-json\/wp\/v2\/types\/post"}],"author":[{"embeddable":true,"href":"https:\/\/nublo.tv\/index.php\/wp-json\/wp\/v2\/users\/2"}],"replies":[{"embeddable":true,"href":"https:\/\/nublo.tv\/index.php\/wp-json\/wp\/v2\/comments?post=50"}],"version-history":[{"count":1,"href":"https:\/\/nublo.tv\/index.php\/wp-json\/wp\/v2\/posts\/50\/revisions"}],"predecessor-version":[{"id":552,"href":"https:\/\/nublo.tv\/index.php\/wp-json\/wp\/v2\/posts\/50\/revisions\/552"}],"wp:featuredmedia":[{"embeddable":true,"href":"https:\/\/nublo.tv\/index.php\/wp-json\/wp\/v2\/media\/51"}],"wp:attachment":[{"href":"https:\/\/nublo.tv\/index.php\/wp-json\/wp\/v2\/media?parent=50"}],"wp:term":[{"taxonomy":"category","embeddable":true,"href":"https:\/\/nublo.tv\/index.php\/wp-json\/wp\/v2\/categories?post=50"},{"taxonomy":"post_tag","embeddable":true,"href":"https:\/\/nublo.tv\/index.php\/wp-json\/wp\/v2\/tags?post=50"}],"curies":[{"name":"wp","href":"https:\/\/api.w.org\/{rel}","templated":true}]}}