{"id":5005,"date":"2026-08-21T15:31:18","date_gmt":"2026-08-21T14:31:18","guid":{"rendered":"https:\/\/nublo.tv\/?p=5005"},"modified":"2026-08-27T12:35:29","modified_gmt":"2026-08-27T11:35:29","slug":"guia-abre-la-inscripcion-para-participar-en-la-tradicional-romeria-del-pino","status":"publish","type":"post","link":"https:\/\/nublo.tv\/index.php\/2026\/08\/21\/guia-abre-la-inscripcion-para-participar-en-la-tradicional-romeria-del-pino\/","title":{"rendered":"Gu\u00eda abre la inscripci\u00f3n para participar en la tradicional Romer\u00eda del Pino"},"content":{"rendered":"<div>\n<p><strong>\u2022 La carreta de Santa Mar\u00eda de Gu\u00eda ocupar\u00e1 el und\u00e9cimo lugar en la romer\u00eda del pr\u00f3ximo 7 de septiembre<\/strong><\/p>\n<p><strong>\u2022 Las personas interesadas pueden reservar su plaza llamando al 928 896 555, extensi\u00f3n 0352<\/strong><\/p>\n<p>El Ayuntamiento de Santa Mar\u00eda de Gu\u00eda ha abierto el plazo de inscripci\u00f3n para las personas interesadas en participar en la\u00a0<strong>tradicional Romer\u00eda del Pino<\/strong>, que se celebrar\u00e1 el pr\u00f3ximo\u00a0<strong>7 de septiembre en Teror<\/strong>.<\/p>\n<p>Como cada a\u00f1o, Santa Mar\u00eda de Gu\u00eda estar\u00e1 presente en una de las citas m\u00e1s arraigadas del calendario festivo de Gran Canaria, una jornada que re\u00fane a los 21 municipios de la isla y que constituye un importante punto de encuentro en torno a las tradiciones, el folclore, la cultura popular y la identidad canaria.<\/p>\n<p>Para facilitar la participaci\u00f3n de los vecinos y vecinas, el Ayuntamiento pondr\u00e1 a disposici\u00f3n de las personas inscritas un\u00a0<strong>servicio de transporte en guagua<\/strong>, que partir\u00e1 desde el\u00a0<strong>Intercambiador de Lomo Guill\u00e9n a las 14<\/strong><strong>:30 horas<\/strong>.<\/p>\n<p>La comitiva guiense estar\u00e1 encabezada por el alcalde,\u00a0<strong>Alfredo Gon\u00e7alves Ferreira<\/strong>, y contar\u00e1 con la tradicional carreta representativa del municipio, especialmente engalanada para la ocasi\u00f3n y cargada con una selecci\u00f3n de productos de la tierra que ser\u00e1n entregados durante el recorrido.<\/p>\n<p>La\u00a0<strong>carreta de Santa Mar\u00eda de Gu\u00eda ocupar\u00e1 este a\u00f1o el und\u00e9cimo lugar<\/strong>\u00a0dentro del orden de participaci\u00f3n de los municipios.<\/p>\n<p>El alcalde anima a los vecinos y vecinas a sumarse un a\u00f1o m\u00e1s a esta jornada, \u00abuna cita que nos permite encontrarnos con el resto de municipios de Gran Canaria y, sobre todo, compartir y mantener vivas nuestras tradiciones. Es un d\u00eda para disfrutar de nuestra m\u00fasica, nuestra vestimenta, nuestros productos y de todo aquello que forma parte de nuestra cultura y de nuestra identidad como pueblo\u00bb.<\/p>\n<p>Desde el Ayuntamiento se recuerda que las personas que formen parte de la comitiva deber\u00e1n acudir\u00a0<strong>correctamente ataviadas con la vestimenta tradicional canaria<\/strong>, contribuyendo as\u00ed a mantener el car\u00e1cter tradicional de esta celebraci\u00f3n.<\/p>\n<p>Las personas interesadas en participar y reservar una plaza en la guagua deber\u00e1n inscribirse llamando al\u00a0<strong>928 896 555, extensi\u00f3n 0352<\/strong>, en horario de\u00a0<strong>10:00 a 13:00 horas<\/strong>.<\/p>\n<p>El plazo permanecer\u00e1 abierto\u00a0<strong>hasta el jueves 3 de septiembre<\/strong> o hasta completar las plazas disponibles, porque son limitadas.<\/p>\n<\/div>\n<div><\/div>\n","protected":false},"excerpt":{"rendered":"<p>\u2022 La carreta de Santa Mar\u00eda de Gu\u00eda ocupar\u00e1 el und\u00e9cimo lugar en la romer\u00eda del pr\u00f3ximo 7 de septiembre \u2022 Las personas interesadas pueden reservar su plaza llamando al&hellip;<\/p>\n","protected":false},"author":1,"featured_media":5008,"comment_status":"open","ping_status":"open","sticky":false,"template":"","format":"standard","meta":{"wpai_generated_summary":"","wpai_meta_description":"","footnotes":""},"categories":[138],"tags":[],"class_list":["post-5005","post","type-post","status-publish","format-standard","has-post-thumbnail","hentry","category-ayuntamiento-de-santa-maria-de-guia"],"_links":{"self":[{"href":"https:\/\/nublo.tv\/index.php\/wp-json\/wp\/v2\/posts\/5005","targetHints":{"allow":["GET"]}}],"collection":[{"href":"https:\/\/nublo.tv\/index.php\/wp-json\/wp\/v2\/posts"}],"about":[{"href":"https:\/\/nublo.tv\/index.php\/wp-json\/wp\/v2\/types\/post"}],"author":[{"embeddable":true,"href":"https:\/\/nublo.tv\/index.php\/wp-json\/wp\/v2\/users\/1"}],"replies":[{"embeddable":true,"href":"https:\/\/nublo.tv\/index.php\/wp-json\/wp\/v2\/comments?post=5005"}],"version-history":[{"count":1,"href":"https:\/\/nublo.tv\/index.php\/wp-json\/wp\/v2\/posts\/5005\/revisions"}],"predecessor-version":[{"id":5007,"href":"https:\/\/nublo.tv\/index.php\/wp-json\/wp\/v2\/posts\/5005\/revisions\/5007"}],"wp:featuredmedia":[{"embeddable":true,"href":"https:\/\/nublo.tv\/index.php\/wp-json\/wp\/v2\/media\/5008"}],"wp:attachment":[{"href":"https:\/\/nublo.tv\/index.php\/wp-json\/wp\/v2\/media?parent=5005"}],"wp:term":[{"taxonomy":"category","embeddable":true,"href":"https:\/\/nublo.tv\/index.php\/wp-json\/wp\/v2\/categories?post=5005"},{"taxonomy":"post_tag","embeddable":true,"href":"https:\/\/nublo.tv\/index.php\/wp-json\/wp\/v2\/tags?post=5005"}],"curies":[{"name":"wp","href":"https:\/\/api.w.org\/{rel}","templated":true}]}}