{"id":5013,"date":"2026-08-21T16:30:54","date_gmt":"2026-08-21T15:30:54","guid":{"rendered":"https:\/\/nublo.tv\/?p=5013"},"modified":"2026-08-29T08:57:49","modified_gmt":"2026-08-29T07:57:49","slug":"la-aldea-de-san-nicolas-abre-el-plazo-de-solicitud-para-la-ayuda-de-material-escolar-concedido-por-la-fundacion-la-caja-de-canarias","status":"publish","type":"post","link":"https:\/\/nublo.tv\/index.php\/2026\/08\/21\/la-aldea-de-san-nicolas-abre-el-plazo-de-solicitud-para-la-ayuda-de-material-escolar-concedido-por-la-fundacion-la-caja-de-canarias\/","title":{"rendered":"La Aldea de San Nicol\u00e1s abre el plazo de solicitud para la ayuda de material escolar concedido por la Fundaci\u00f3n La Caja de Canarias"},"content":{"rendered":"<p><span style=\"font-weight: 400\">El Ayuntamiento de <\/span><span style=\"font-weight: 400\">La Aldea de San Nicol\u00e1s, a trav\u00e9s de la Concejal\u00eda de Pol\u00edtica Social y del Mayor que dirige Jennifer Sosa Mart\u00edn, informa de que el pr\u00f3ximo 1 de septiembre se abrir\u00e1 el plazo de solicitud de la Ayuda de Material Escolar de la Fundaci\u00f3n La Caja de Canarias para el Curso Escolar 2026\/2027, el cual permanecer\u00e1 abierto hasta el pr\u00f3ximo 15 de septiembre.\u00a0<\/span><\/p>\n<p><span style=\"font-weight: 400\">Esta l\u00ednea de ayuda, dirigida a las familias en situaci\u00f3n de dificultad econ\u00f3mica para cubrir los gastos educativos de sus hijos e hijas, se enmarca en la concedida por la Fundaci\u00f3n La Caja de Canarias al Ayuntamiento de La Aldea de San Nicol\u00e1s. Una vez recibida la solicitud y la documentaci\u00f3n requerida, el Consistorio estudiar\u00e1 la idoneidad de las familias beneficiarias seg\u00fan los criterios t\u00e9cnicos de las administraciones p\u00fablicas, teniendo en cuenta aspectos como los ingresos de la unidad familiar o el n\u00famero de miembros que la componen, entre otros.<\/span><\/p>\n<p><span style=\"font-weight: 400\">Para optar a esta convocatoria, las personas interesadas deber\u00e1n presentar su solicitud en el Registro del Ayuntamiento de La Aldea de San Nicol\u00e1s donde se especifique la l\u00ednea de ayuda (Ayuda de Material Escolar de la Fundaci\u00f3n de la Caja de Canarias).\u00a0<\/span><\/p>\n<p><span style=\"font-weight: 400\">Entre los requisitos se establece que los ingresos familiares no superen el valor del IPREM en funci\u00f3n de los miembros, tomando como base los 600 euros del IPREM 2026; no haber recibido otra ayuda con la misma finalidad para el curso 2026\/2027 y haber justificado correctamente el importe concedido en la edici\u00f3n de 2025. Asimismo, se deber\u00e1 aportar DNI, libro de familia, convenio regulador en caso de separaci\u00f3n o divorcio, justificantes de ingresos o desempleo, extractos bancarios, Renta 2025 y certificado de empadronamiento colectivo, entre otros documentos que se consideren oportunos.<\/span><\/p>\n<p><span style=\"font-weight: 400\">\u201cCon esta convocatoria queremos aliviar la carga econ\u00f3mica que supone la vuelta al cole para las familias m\u00e1s vulnerables del municipio, garantizando que todos los ni\u00f1os y ni\u00f1as de La Aldea cuenten con los recursos educativos necesarios para su aprendizaje\u201d, ha se\u00f1alado la concejala de Pol\u00edtica Social y del Mayor, Jennifer Sosa Mart\u00edn, quien ha destacado que \u201cse trata de una medida fundamental para favorecer la igualdad de oportunidades, garantizar la equidad en las aulas y respaldar a las familias en el inicio del nuevo curso escolar\u201d.<\/span><\/p>\n<p><span style=\"font-weight: 400\">El Ayuntamiento de La Aldea de San Nicol\u00e1s contin\u00faa as\u00ed apostando por reforzar sus pol\u00edticas de atenci\u00f3n social y apoyo a las familias, consolidando alianzas estrat\u00e9gicas con entidades sociales para responder a las necesidades de la ciudadan\u00eda y promover el bienestar y la cohesi\u00f3n comunitaria.<\/span><\/p>\n<p>es\u00bb>La Aldea<\/a>.<\/p>\n","protected":false},"excerpt":{"rendered":"<p>El Ayuntamiento de La Aldea de San Nicol\u00e1s, a trav\u00e9s de la Concejal\u00eda de Pol\u00edtica Social y del Mayor que dirige Jennifer Sosa Mart\u00edn, informa de que el pr\u00f3ximo 1&hellip;<\/p>\n","protected":false},"author":1,"featured_media":5016,"comment_status":"open","ping_status":"open","sticky":false,"template":"","format":"standard","meta":{"wpai_generated_summary":"","wpai_meta_description":"","footnotes":""},"categories":[131],"tags":[],"class_list":["post-5013","post","type-post","status-publish","format-standard","has-post-thumbnail","hentry","category-ayuntamiento-de-la-aldea-de-san-nicolas"],"_links":{"self":[{"href":"https:\/\/nublo.tv\/index.php\/wp-json\/wp\/v2\/posts\/5013","targetHints":{"allow":["GET"]}}],"collection":[{"href":"https:\/\/nublo.tv\/index.php\/wp-json\/wp\/v2\/posts"}],"about":[{"href":"https:\/\/nublo.tv\/index.php\/wp-json\/wp\/v2\/types\/post"}],"author":[{"embeddable":true,"href":"https:\/\/nublo.tv\/index.php\/wp-json\/wp\/v2\/users\/1"}],"replies":[{"embeddable":true,"href":"https:\/\/nublo.tv\/index.php\/wp-json\/wp\/v2\/comments?post=5013"}],"version-history":[{"count":2,"href":"https:\/\/nublo.tv\/index.php\/wp-json\/wp\/v2\/posts\/5013\/revisions"}],"predecessor-version":[{"id":18137,"href":"https:\/\/nublo.tv\/index.php\/wp-json\/wp\/v2\/posts\/5013\/revisions\/18137"}],"wp:featuredmedia":[{"embeddable":true,"href":"https:\/\/nublo.tv\/index.php\/wp-json\/wp\/v2\/media\/5016"}],"wp:attachment":[{"href":"https:\/\/nublo.tv\/index.php\/wp-json\/wp\/v2\/media?parent=5013"}],"wp:term":[{"taxonomy":"category","embeddable":true,"href":"https:\/\/nublo.tv\/index.php\/wp-json\/wp\/v2\/categories?post=5013"},{"taxonomy":"post_tag","embeddable":true,"href":"https:\/\/nublo.tv\/index.php\/wp-json\/wp\/v2\/tags?post=5013"}],"curies":[{"name":"wp","href":"https:\/\/api.w.org\/{rel}","templated":true}]}}