{"id":5025,"date":"2026-08-21T18:31:35","date_gmt":"2026-08-21T17:31:35","guid":{"rendered":"https:\/\/nublo.tv\/?p=5025"},"modified":"2026-08-29T08:57:49","modified_gmt":"2026-08-29T07:57:49","slug":"la-aldea-de-san-nicolas-contara-con-un-nuevo-mural-conmemorativo-en-recuerdo-del-centenario-del-fin-del-pleito","status":"publish","type":"post","link":"https:\/\/nublo.tv\/index.php\/2026\/08\/21\/la-aldea-de-san-nicolas-contara-con-un-nuevo-mural-conmemorativo-en-recuerdo-del-centenario-del-fin-del-pleito\/","title":{"rendered":"La Aldea de San Nicol\u00e1s contar\u00e1 con un nuevo mural conmemorativo en recuerdo del Centenario del Fin del Pleito"},"content":{"rendered":"<p><span style=\"font-weight: 400\">La Aldea de San Nicol\u00e1s contar\u00e1 con un nuevo mural conmemorativo con motivo del Centenario del Fin del Pleito de La Aldea (1927-2027), una intervenci\u00f3n art\u00edstica que se ubicar\u00e1 en la zona de El Cruce, frente al Molino de los Majanos, y que convertir\u00e1 este espacio en un nuevo lugar de memoria, reconocimiento y divulgaci\u00f3n de la historia del municipio.<\/span><\/p>\n<p><span style=\"font-weight: 400\">La obra, que este viernes ha visitado el alcalde Pedro Su\u00e1rez, recoger\u00e1 algunos de los principales acontecimientos, personajes y elementos vinculados a la historia contempor\u00e1nea de La Aldea, creando una composici\u00f3n que represente el paso del tiempo y la transformaci\u00f3n del municipio a lo largo de las generaciones. El objetivo es que el mural trascienda la representaci\u00f3n de un acontecimiento concreto y se convierta en un relato visual de la evoluci\u00f3n de La Aldea, desde sus ra\u00edces hist\u00f3ricas hasta la actualidad.<\/span><\/p>\n<p><span style=\"font-weight: 400\">Entre los elementos que tendr\u00e1n presencia destacada en la composici\u00f3n se encuentra la llegada a La Aldea del ministro de Gracia y Justicia Galo Ponte en 1927, un acontecimiento fundamental para comprender el desenlace del hist\u00f3rico Pleito por la tierra y el agua. Junto a esta referencia aparecer\u00e1n otros s\u00edmbolos vinculados a la memoria colectiva del municipio, como el Corre\u00edllo La Palma, relacionado con las comunicaciones y la actividad econ\u00f3mica del puerto; el Cuartel de la Guardia Civil, como representaci\u00f3n de las instituciones presentes en la vida cotidiana de la poblaci\u00f3n; y la antigua ermita de San Nicol\u00e1s, vinculada a los or\u00edgenes y la identidad hist\u00f3rica del municipio.<\/span><\/p>\n<p><span style=\"font-weight: 400\">Todos estos elementos quedar\u00e1n integrados en una \u00fanica composici\u00f3n art\u00edstica, conectando diferentes momentos y referentes de la historia aldeana para ofrecer a residentes y visitantes una mirada sobre la evoluci\u00f3n del municipio y sobre las personas y acontecimientos que han contribuido a construir su identidad.<\/span><\/p>\n<p><span style=\"font-weight: 400\">El alcalde de La Aldea de San Nicol\u00e1s, Pedro Su\u00e1rez, ha destacado que \u201ceste mural nace con la intenci\u00f3n de mantener viva nuestra memoria y acercar nuestra historia a todas las generaciones, utilizando el arte como una herramienta para contar qui\u00e9nes somos y de d\u00f3nde venimos\u201d. Asimismo, ha se\u00f1alado que \u201cel Centenario del fin del Pleito de La Aldea nos ofrece una oportunidad para recordar a quienes protagonizaron aquellos acontecimientos y para transmitir a nuestros j\u00f3venes la importancia que tuvieron en la construcci\u00f3n del municipio que conocemos hoy\u201d.<\/span><\/p>\n<p><span style=\"font-weight: 400\">La intervenci\u00f3n se plantea as\u00ed como una obra de memoria, identidad y futuro, vinculada a la programaci\u00f3n del Centenario del fin del Pleito de La Aldea 1927-2027. A trav\u00e9s de la representaci\u00f3n de distintos episodios y s\u00edmbolos, el mural permitir\u00e1 divulgar parte del patrimonio hist\u00f3rico y cultural del municipio y reforzar el sentimiento de pertenencia de la ciudadan\u00eda.<\/span><\/p>\n<p><span style=\"font-weight: 400\">Desde el Ayuntamiento de La Aldea de San Nicol\u00e1s queremos destacar esta iniciativa como una v\u00eda de preservaci\u00f3n y transmisi\u00f3n de la memoria colectiva, acercando la historia local a las nuevas generaciones mediante una propuesta art\u00edstica integrada en el paisaje urbano y destinada a permanecer como un nuevo elemento de referencia y reconocimiento del patrimonio aldeano.<\/span><\/p>\n<p>es\u00bb>La Aldea<\/a>.<\/p>\n","protected":false},"excerpt":{"rendered":"<p>La Aldea de San Nicol\u00e1s contar\u00e1 con un nuevo mural conmemorativo con motivo del Centenario del Fin del Pleito de La Aldea (1927-2027), una intervenci\u00f3n art\u00edstica que se ubicar\u00e1 en&hellip;<\/p>\n","protected":false},"author":1,"featured_media":5028,"comment_status":"open","ping_status":"open","sticky":false,"template":"","format":"standard","meta":{"wpai_generated_summary":"","wpai_meta_description":"","footnotes":""},"categories":[131],"tags":[],"class_list":["post-5025","post","type-post","status-publish","format-standard","has-post-thumbnail","hentry","category-ayuntamiento-de-la-aldea-de-san-nicolas"],"_links":{"self":[{"href":"https:\/\/nublo.tv\/index.php\/wp-json\/wp\/v2\/posts\/5025","targetHints":{"allow":["GET"]}}],"collection":[{"href":"https:\/\/nublo.tv\/index.php\/wp-json\/wp\/v2\/posts"}],"about":[{"href":"https:\/\/nublo.tv\/index.php\/wp-json\/wp\/v2\/types\/post"}],"author":[{"embeddable":true,"href":"https:\/\/nublo.tv\/index.php\/wp-json\/wp\/v2\/users\/1"}],"replies":[{"embeddable":true,"href":"https:\/\/nublo.tv\/index.php\/wp-json\/wp\/v2\/comments?post=5025"}],"version-history":[{"count":2,"href":"https:\/\/nublo.tv\/index.php\/wp-json\/wp\/v2\/posts\/5025\/revisions"}],"predecessor-version":[{"id":18138,"href":"https:\/\/nublo.tv\/index.php\/wp-json\/wp\/v2\/posts\/5025\/revisions\/18138"}],"wp:featuredmedia":[{"embeddable":true,"href":"https:\/\/nublo.tv\/index.php\/wp-json\/wp\/v2\/media\/5028"}],"wp:attachment":[{"href":"https:\/\/nublo.tv\/index.php\/wp-json\/wp\/v2\/media?parent=5025"}],"wp:term":[{"taxonomy":"category","embeddable":true,"href":"https:\/\/nublo.tv\/index.php\/wp-json\/wp\/v2\/categories?post=5025"},{"taxonomy":"post_tag","embeddable":true,"href":"https:\/\/nublo.tv\/index.php\/wp-json\/wp\/v2\/tags?post=5025"}],"curies":[{"name":"wp","href":"https:\/\/api.w.org\/{rel}","templated":true}]}}