{"id":5032,"date":"2026-08-21T18:53:26","date_gmt":"2026-08-21T17:53:26","guid":{"rendered":"https:\/\/nublo.tv\/?p=5032"},"modified":"2026-08-29T08:57:49","modified_gmt":"2026-08-29T07:57:49","slug":"bando-alcaldia-29-2026","status":"publish","type":"post","link":"https:\/\/nublo.tv\/index.php\/2026\/08\/21\/bando-alcaldia-29-2026\/","title":{"rendered":"Bando Alcald\u00eda 29\/2026"},"content":{"rendered":"<div class=\"et_pb_section et_pb_section_0 et_section_regular\">\n<div class=\"et_pb_row et_pb_row_0\">\n<div class=\"et_pb_column et_pb_column_4_4 et_pb_column_0  et_pb_css_mix_blend_mode_passthrough et-last-child\">\n<div class=\"et_pb_module et_pb_image et_pb_image_0\">\n<p>\t\t\t\t<span class=\"et_pb_image_wrap \"><img loading=\"lazy\" decoding=\"async\" width=\"1200\" height=\"643\" src=\"https:\/\/tejeda.eu\/wp-content\/uploads\/2026\/08\/BandoAlcaldia_29-2026WEB.png\" alt=\"\" title=\"Bando Alcald\u00eda 29\/2026\" class=\"wp-image-32529\" \/><\/span>\n\t\t\t<\/div>\n<\/p><\/div>\n<\/p><\/div>\n<div class=\"et_pb_row et_pb_row_1\">\n<div class=\"et_pb_column et_pb_column_3_4 et_pb_column_1  et_pb_css_mix_blend_mode_passthrough\">\n<div class=\"et_pb_module et_pb_text et_pb_text_0  et_pb_text_align_justified et_pb_bg_layout_light\">\n<div class=\"et_pb_text_inner\">\n<p><strong>Francisco Juan Perera Hern\u00e1ndez<\/strong>,\u00a0<strong>Alcalde-Presidente<\/strong>\u00a0del\u00a0<strong>Ilustre Ayuntamiento de Tejeda<\/strong>, hace saber:<\/p>\n<p dir=\"ltr\">Que con motivo del arreglo del pavimento de las calles del pueblo, permanecer\u00e1n cortado el tr\u00e1fico de veh\u00edculos, las siguientes calles:<\/p>\n<ul>\n<li dir=\"ltr\">Lunes 24 y Martes 25: C\/ P\u00e1rroco Rodr\u00edguez Vega y C\/ Ezequiel S\u00e1nchez, (hasta la bajada de la piscina municipal).<\/li>\n<\/ul>\n<p dir=\"ltr\">eu\u00bb>Ayuntamiento de Tejeda<\/a>.<\/p>\n","protected":false},"excerpt":{"rendered":"<p>Francisco Juan Perera Hern\u00e1ndez,\u00a0Alcalde-Presidente\u00a0del\u00a0Ilustre Ayuntamiento de Tejeda, hace saber: Que con motivo del arreglo del pavimento de las calles del pueblo, permanecer\u00e1n cortado el tr\u00e1fico de veh\u00edculos, las siguientes calles:&hellip;<\/p>\n","protected":false},"author":1,"featured_media":5035,"comment_status":"open","ping_status":"open","sticky":false,"template":"","format":"standard","meta":{"wpai_generated_summary":"","wpai_meta_description":"","footnotes":""},"categories":[139],"tags":[],"class_list":["post-5032","post","type-post","status-publish","format-standard","has-post-thumbnail","hentry","category-ayuntamiento-de-tejeda"],"_links":{"self":[{"href":"https:\/\/nublo.tv\/index.php\/wp-json\/wp\/v2\/posts\/5032","targetHints":{"allow":["GET"]}}],"collection":[{"href":"https:\/\/nublo.tv\/index.php\/wp-json\/wp\/v2\/posts"}],"about":[{"href":"https:\/\/nublo.tv\/index.php\/wp-json\/wp\/v2\/types\/post"}],"author":[{"embeddable":true,"href":"https:\/\/nublo.tv\/index.php\/wp-json\/wp\/v2\/users\/1"}],"replies":[{"embeddable":true,"href":"https:\/\/nublo.tv\/index.php\/wp-json\/wp\/v2\/comments?post=5032"}],"version-history":[{"count":2,"href":"https:\/\/nublo.tv\/index.php\/wp-json\/wp\/v2\/posts\/5032\/revisions"}],"predecessor-version":[{"id":18139,"href":"https:\/\/nublo.tv\/index.php\/wp-json\/wp\/v2\/posts\/5032\/revisions\/18139"}],"wp:featuredmedia":[{"embeddable":true,"href":"https:\/\/nublo.tv\/index.php\/wp-json\/wp\/v2\/media\/5035"}],"wp:attachment":[{"href":"https:\/\/nublo.tv\/index.php\/wp-json\/wp\/v2\/media?parent=5032"}],"wp:term":[{"taxonomy":"category","embeddable":true,"href":"https:\/\/nublo.tv\/index.php\/wp-json\/wp\/v2\/categories?post=5032"},{"taxonomy":"post_tag","embeddable":true,"href":"https:\/\/nublo.tv\/index.php\/wp-json\/wp\/v2\/tags?post=5032"}],"curies":[{"name":"wp","href":"https:\/\/api.w.org\/{rel}","templated":true}]}}