{"id":5039,"date":"2026-08-22T01:31:21","date_gmt":"2026-08-22T00:31:21","guid":{"rendered":"https:\/\/nublo.tv\/?p=5039"},"modified":"2026-08-27T12:35:29","modified_gmt":"2026-08-27T11:35:29","slug":"caideros-acoge-una-jornada-de-prevencion-de-incendios-de-interfaz","status":"publish","type":"post","link":"https:\/\/nublo.tv\/index.php\/2026\/08\/22\/caideros-acoge-una-jornada-de-prevencion-de-incendios-de-interfaz\/","title":{"rendered":"Caideros acoge una jornada de prevenci\u00f3n de incendios de interfaz"},"content":{"rendered":"<p>El barrio de Caideros acogi\u00f3 este viernes 21 de agosto un ejercicio de prevenci\u00f3n ante el riesgo de incendios de interfaz, una jornada desarrollada en colaboraci\u00f3n entre el Cabildo de Gran Canaria, el Ayuntamiento de G\u00e1ldar, los servicios de emergencia y la ciudadan\u00eda con el objetivo de reforzar la coordinaci\u00f3n y mejorar la preparaci\u00f3n ante una eventual situaci\u00f3n de emergencia.<\/p>\n<p>El ejercicio cont\u00f3 con la participaci\u00f3n de los Bomberos Forestales de la Consejer\u00eda de Medio Ambiente del Cabildo de Gran Canaria, una unidad PRESA, la Agrupaci\u00f3n de Protecci\u00f3n Civil de G\u00e1ldar, Polic\u00eda Local, medios municipales y vecinos de Caideros y de n\u00facleos pr\u00f3ximos.<\/p>\n<p>Al igual que la realizada anteriormente en Teror, la jornada desarrollada en Caideros se extendi\u00f3 m\u00e1s all\u00e1 de las \u00e1reas forestales y form\u00f3 parte de simulacros y labores divulgativas en el contexto de las denominadas zonas de interfaz, es decir, aquellas en las que el terreno forestal convive y se entremezcla con asentamientos urbanos, una circunstancia que multiplica los riesgos para la poblaci\u00f3n, las viviendas y las infraestructuras p\u00fablicas.<\/p>\n<p>Julio Mateo Castillo, alcalde en funciones del Ayuntamiento de G\u00e1ldar, asisti\u00f3 al ejercicio junto a la segunda teniente de alcalde y concejal de Polic\u00eda Local y Seguridad, Valeria Guerra, y al ingeniero responsable del Plan de Emergencias Municipal, Tony Santana. El primer teniente de alcalde destac\u00f3 la importancia de este tipo de iniciativas en un entorno como Caideros, donde existe una estrecha convivencia entre las viviendas y la vegetaci\u00f3n.<\/p>\n<p>\u00abEstamos en una zona en la que en cualquier momento puede haber un riesgo real de incendio y por eso es fundamental que ejercicios como el de hoy sirvan para coordinar a las diferentes administraciones y a los efectivos del Ayuntamiento y del Cabildo, adem\u00e1s de ense\u00f1ar a los vecinos la importancia de la prevenci\u00f3n\u00bb, se\u00f1al\u00f3.<\/p>\n<p>En este sentido, subray\u00f3 la necesidad de mantener un espacio defendible alrededor de las viviendas, recordando la recomendaci\u00f3n de disponer de una franja de 15 metros despejada de vegetaci\u00f3n. \u00abTodo lo que hagamos de forma previa favorecer\u00e1 que la vivienda pueda defenderse mejor ante una situaci\u00f3n de emergencia\u00bb, indic\u00f3.<\/p>\n<p>La jornada permiti\u00f3 tambi\u00e9n trasladar a los vecinos informaci\u00f3n sobre c\u00f3mo actuar ante un incendio y sobre los protocolos de evacuaci\u00f3n, con el objetivo de garantizar la seguridad de la poblaci\u00f3n. Numerosos residentes de Caideros participaron en la actividad para conocer de primera mano las recomendaciones y resolver sus dudas con los responsables y t\u00e9cnicos presentes.<\/p>\n<p>El Cabildo de Gran Canaria considera a las agrupaciones locales de Protecci\u00f3n Civil una pieza fundamental del engranaje de la lucha contra los incendios, especialmente por su profundo conocimiento del territorio y de la realidad social de cada municipio. Su estrecha colaboraci\u00f3n se manifiesta tambi\u00e9n en el apoyo a la mejora de sus infraestructuras, como sucedi\u00f3 en 2025 con la entrega de 21 veh\u00edculos equipados con herramientas avanzadas contra incendios y dotados de tecnolog\u00eda para hacer frente a emergencias como inundaciones y temporales.<\/p>\n<p>Asimismo, durante el ejercicio se record\u00f3 que la poblaci\u00f3n desempe\u00f1a un papel fundamental en la prevenci\u00f3n y en la reducci\u00f3n de los riesgos en el entorno de las viviendas. La din\u00e1mica desarrollada en Caideros incluy\u00f3 consejos de prevenci\u00f3n de incendios recogidos en el programa Gran Canaria Mosaico.<\/p>\n<p>Entre las principales recomendaciones se encuentra mantener despejados de vegetaci\u00f3n los 15 metros alrededor de las viviendas situadas en terrenos rurales, median\u00edas y cumbres; extremar las precauciones con maquinaria que pueda generar chispas, como radiales, soldadoras, motosierras o desbrozadoras, cuyo uso est\u00e1 prohibido en situaci\u00f3n de Alerta; y recordar que las quemas agr\u00edcolas permanecen prohibidas durante el verano hasta el 30 de septiembre.<\/p>\n<p>Estas medidas tienen como finalidad reducir la vulnerabilidad de las viviendas y facilitar la actuaci\u00f3n de los servicios de emergencia en caso de incendio, reforzando una cultura de prevenci\u00f3n en las zonas con mayor exposici\u00f3n a este tipo de riesgos.<\/p>\n<p><a data-flickr-embed=\"true\" href=\"https:\/\/www.flickr.com\/photos\/ayuntamientodegaldar\/albums\/72177720335243873\" title=\"Ejercicio de prevenci\u00f3n de incendios en Caideros\"><img loading=\"lazy\" decoding=\"async\" src=\"https:\/\/live.staticflickr.com\/65535\/55479054390_130d8e5b6f_h.jpg\" width=\"1600\" height=\"1200\" alt=\"Ejercicio de prevenci\u00f3n de incendios en Caideros\"><\/a><\/p>\n","protected":false},"excerpt":{"rendered":"<p>El barrio de Caideros acogi\u00f3 este viernes 21 de agosto un ejercicio de prevenci\u00f3n ante el riesgo de incendios de interfaz, una jornada desarrollada en colaboraci\u00f3n entre el Cabildo de&hellip;<\/p>\n","protected":false},"author":1,"featured_media":5056,"comment_status":"open","ping_status":"open","sticky":false,"template":"","format":"standard","meta":{"wpai_generated_summary":"","wpai_meta_description":"","footnotes":""},"categories":[129],"tags":[],"class_list":["post-5039","post","type-post","status-publish","format-standard","has-post-thumbnail","hentry","category-ayuntamiento-de-galdar"],"_links":{"self":[{"href":"https:\/\/nublo.tv\/index.php\/wp-json\/wp\/v2\/posts\/5039","targetHints":{"allow":["GET"]}}],"collection":[{"href":"https:\/\/nublo.tv\/index.php\/wp-json\/wp\/v2\/posts"}],"about":[{"href":"https:\/\/nublo.tv\/index.php\/wp-json\/wp\/v2\/types\/post"}],"author":[{"embeddable":true,"href":"https:\/\/nublo.tv\/index.php\/wp-json\/wp\/v2\/users\/1"}],"replies":[{"embeddable":true,"href":"https:\/\/nublo.tv\/index.php\/wp-json\/wp\/v2\/comments?post=5039"}],"version-history":[{"count":1,"href":"https:\/\/nublo.tv\/index.php\/wp-json\/wp\/v2\/posts\/5039\/revisions"}],"predecessor-version":[{"id":5055,"href":"https:\/\/nublo.tv\/index.php\/wp-json\/wp\/v2\/posts\/5039\/revisions\/5055"}],"wp:featuredmedia":[{"embeddable":true,"href":"https:\/\/nublo.tv\/index.php\/wp-json\/wp\/v2\/media\/5056"}],"wp:attachment":[{"href":"https:\/\/nublo.tv\/index.php\/wp-json\/wp\/v2\/media?parent=5039"}],"wp:term":[{"taxonomy":"category","embeddable":true,"href":"https:\/\/nublo.tv\/index.php\/wp-json\/wp\/v2\/categories?post=5039"},{"taxonomy":"post_tag","embeddable":true,"href":"https:\/\/nublo.tv\/index.php\/wp-json\/wp\/v2\/tags?post=5039"}],"curies":[{"name":"wp","href":"https:\/\/api.w.org\/{rel}","templated":true}]}}