{"id":5043,"date":"2026-08-22T01:31:29","date_gmt":"2026-08-22T00:31:29","guid":{"rendered":"https:\/\/nublo.tv\/?p=5043"},"modified":"2026-08-29T08:57:49","modified_gmt":"2026-08-29T07:57:49","slug":"la-ciudad-dedicara-un-espacio-en-barrio-atlantico-al-campeon-del-mundo-de-fubol-yeremy-pino","status":"publish","type":"post","link":"https:\/\/nublo.tv\/index.php\/2026\/08\/22\/la-ciudad-dedicara-un-espacio-en-barrio-atlantico-al-campeon-del-mundo-de-fubol-yeremy-pino\/","title":{"rendered":"La ciudad dedicar\u00e1 un espacio en Barrio Atl\u00e1ntico al campe\u00f3n del mundo de f\u00fabol Y\u00e9remy Pino"},"content":{"rendered":"<ul>\n<li>La alcaldesa, Carolina Darias, ha recibido en las Casas Consistoriales al primer futbolista nacido en Las Palmas de Gran Canaria que conquista la Copa del Mundo de la FIFA de f\u00fatbol masculino&nbsp;<\/li>\n<\/ul>\n<p>La alcaldesa de Las Palmas de Gran Canaria, Carolina Darias, ha mantenido este martes un encuentro en las Casas Consistoriales con Y\u00e9remy Pino, primer futbolista nacido en la ciudad que se ha proclamado campe\u00f3n del mundo con la Selecci\u00f3n Espa\u00f1ola en la Copa del Mundo de la FIFA masculina celebrada en Estados Unidos, M\u00e9xico y Canad\u00e1 tras ganar en la final a Argentina el pasado 19 de julio.\u00a0<\/p>\n<p>En el acto, al que tambi\u00e9n han asistido la concejala de Deportes, Carla Campoamor; el presidente de la Federaci\u00f3n Interinsular de F\u00fatbol de Las Palmas, Jos\u00e9 Juan Arencibia; y la familia del jugador, la alcaldesa ha anunciado que el Ayuntamiento dedicar\u00e1 un espacio p\u00fablico al jugador internacional en su barrio, Barrio Atl\u00e1ntico.<\/p>\n<p>Durante su intervenci\u00f3n, Darias ha destacado que la conquista del Mundial por parte de Y\u00e9remy Pino constituye un hito para Las Palmas de Gran Canaria y puso en valor el esfuerzo, la constancia y el sacrificio que han marcado su trayectoria desde sus inicios en Barrio Atl\u00e1ntico hasta alcanzar la \u00e9lite del f\u00fatbol internacional. \u00abEres un orgullo para la ciudad\u00bb, ha afirmado la alcaldesa, quien ha incidido en que el internacional es \u00abun ejemplo para muchos ni\u00f1os y ni\u00f1as\u00bb al demostrar que \u00abdesde tu barrio se puede llegar a ser campe\u00f3n del mundo\u00bb.<\/p>\n<p>En este sentido, ha recordado el compromiso del Ayuntamiento con la mejora de las instalaciones deportivas municipales para que las nuevas generaciones dispongan de los mejores espacios donde desarrollar su talento. \u00abDesde donde uno nace, donde uno vive y donde uno crece se puede llegar a conseguir los sue\u00f1os, eso s\u00ed, con mucho esfuerzo y mucho sacrificio\u00bb, ha se\u00f1alado.<\/p>\n<p>Darias ha explicado que la dedicaci\u00f3n de un espacio p\u00fablico en Barrio Atl\u00e1ntico busca reconocer no solo los \u00e9xitos deportivos del jugador, sino tambi\u00e9n sus ra\u00edces y el v\u00ednculo que mantiene con la ciudad. \u00abLas calles y las plazas guardan la memoria organizada de la ciudad\u00bb, ha afirmado Darias para justificar este reconocimiento.<\/p>\n<p>Por su parte, Y\u00e9remy Pino ha agradecido el reconocimiento del Ayuntamiento y ha asegurado que supone \u00abun orgullo\u00bb recibir este homenaje en la ciudad donde naci\u00f3 y dio sus primeros pasos como futbolista.<\/p>\n<p>El internacional espa\u00f1ol ha destacado que siempre trata de representar \u00aba Las Palmas de Gran Canaria, pero sobre todo a mi barrio\u00bb. Asimismo, ha reafirmado su compromiso de seguir llevando el nombre de Canarias \u00abde la mejor manera posible en cada torneo y en cada pa\u00eds\u00bb.<\/p>\n<p>El presidente de la Federaci\u00f3n Interinsular de F\u00fatbol de Las Palmas, Jos\u00e9 Juan Arencibia, ha se\u00f1alado que Y\u00e9remy Pino representa un ejemplo para las nuevas generaciones. Arencibia ha destacado que el jugador, formado en Barrio Atl\u00e1ntico, ha alcanzado con solo 23 a\u00f1os el mayor \u00e9xito posible en el f\u00fatbol al proclamarse campe\u00f3n del mundo, convirti\u00e9ndose en un referente para los ni\u00f1os y ni\u00f1as que sue\u00f1an con llegar a la \u00e9lite. Asimismo, subray\u00f3 que su comportamiento dentro y fuera del terreno de juego constituye un modelo de deportividad y valores para el f\u00fatbol canario.<\/p>\n<p><strong>Un referente de Barrio Atl\u00e1ntico<\/strong><\/p>\n<p>Y\u00e9remy Pino dio sus primeros pasos en el f\u00fatbol en la AD Barrio Atl\u00e1ntico y el Hurac\u00e1n antes de incorporarse a la cantera de la UD Las Palmas. Posteriormente continu\u00f3 su progresi\u00f3n en el Villarreal, club con el que debut\u00f3 en el f\u00fatbol profesional y conquist\u00f3 su primer gran t\u00edtulo, la UEFA Europa League. En la actualidad milita en el Crystal Palace de la Premier League, con el que esta temporada tambi\u00e9n se ha proclamado campe\u00f3n de la UEFA Conference League.<\/p>\n<p>Internacional absoluto desde 2021, form\u00f3 parte de la selecci\u00f3n espa\u00f1ola que conquist\u00f3 la Liga de Naciones de la UEFA en 2023. Con la consecuci\u00f3n de la Copa del Mundo de la FIFA en 2026, Y\u00e9remy Pino se ha convertido en uno de los cuatro futbolistas canarios en proclamarse campe\u00f3n del mundo, tras David Silva y Pedro Rodr\u00edguez, integrantes de la selecci\u00f3n campeona en 2010, y junto a Pedri Gonz\u00e1lez, tambi\u00e9n formado en la cantera de la UD Las Palmas.<\/p>\n<p>Durante el acto celebrado este martes, la alcaldesa hizo entrega a Y\u00e9remy Pino de una placa conmemorativa en reconocimiento a su trayectoria.<\/p>\n<p>com\u00bb>Instituto Municipal de Deportes Las Palmas de Gran Canaria<\/a>.<\/p>\n","protected":false},"excerpt":{"rendered":"<p>La alcaldesa, Carolina Darias, ha recibido en las Casas Consistoriales al primer futbolista nacido en Las Palmas de Gran Canaria que conquista la Copa del Mundo de la FIFA de&hellip;<\/p>\n","protected":false},"author":1,"featured_media":5044,"comment_status":"open","ping_status":"open","sticky":false,"template":"","format":"standard","meta":{"wpai_generated_summary":"","wpai_meta_description":"","footnotes":""},"categories":[132],"tags":[],"class_list":["post-5043","post","type-post","status-publish","format-standard","has-post-thumbnail","hentry","category-ayuntamiento-de-las-palmas-de-gran-canaria"],"_links":{"self":[{"href":"https:\/\/nublo.tv\/index.php\/wp-json\/wp\/v2\/posts\/5043","targetHints":{"allow":["GET"]}}],"collection":[{"href":"https:\/\/nublo.tv\/index.php\/wp-json\/wp\/v2\/posts"}],"about":[{"href":"https:\/\/nublo.tv\/index.php\/wp-json\/wp\/v2\/types\/post"}],"author":[{"embeddable":true,"href":"https:\/\/nublo.tv\/index.php\/wp-json\/wp\/v2\/users\/1"}],"replies":[{"embeddable":true,"href":"https:\/\/nublo.tv\/index.php\/wp-json\/wp\/v2\/comments?post=5043"}],"version-history":[{"count":2,"href":"https:\/\/nublo.tv\/index.php\/wp-json\/wp\/v2\/posts\/5043\/revisions"}],"predecessor-version":[{"id":18141,"href":"https:\/\/nublo.tv\/index.php\/wp-json\/wp\/v2\/posts\/5043\/revisions\/18141"}],"wp:featuredmedia":[{"embeddable":true,"href":"https:\/\/nublo.tv\/index.php\/wp-json\/wp\/v2\/media\/5044"}],"wp:attachment":[{"href":"https:\/\/nublo.tv\/index.php\/wp-json\/wp\/v2\/media?parent=5043"}],"wp:term":[{"taxonomy":"category","embeddable":true,"href":"https:\/\/nublo.tv\/index.php\/wp-json\/wp\/v2\/categories?post=5043"},{"taxonomy":"post_tag","embeddable":true,"href":"https:\/\/nublo.tv\/index.php\/wp-json\/wp\/v2\/tags?post=5043"}],"curies":[{"name":"wp","href":"https:\/\/api.w.org\/{rel}","templated":true}]}}