{"id":5045,"date":"2026-08-22T01:32:05","date_gmt":"2026-08-22T00:32:05","guid":{"rendered":"https:\/\/nublo.tv\/?p=5045"},"modified":"2026-08-29T08:57:49","modified_gmt":"2026-08-29T07:57:49","slug":"el-ayuntamiento-promueve-un-verano-saludable-para-mas-de-4-000-ninos-y-ninas-a-traves-de-los-campus-deportivos","status":"publish","type":"post","link":"https:\/\/nublo.tv\/index.php\/2026\/08\/22\/el-ayuntamiento-promueve-un-verano-saludable-para-mas-de-4-000-ninos-y-ninas-a-traves-de-los-campus-deportivos\/","title":{"rendered":"El Ayuntamiento promueve un verano saludable para m\u00e1s de 4.000 ni\u00f1os y ni\u00f1as a trav\u00e9s de los campus deportivos"},"content":{"rendered":"<ul>\n<li>La alcaldesa, Carolina Darias, ha realizado un recorrido por el Complejo Deportivo L\u00f3pez Socas, uno de los seis espacios municipales donde se desarrolla esta iniciativa del Instituto Municipal para la Promoci\u00f3n de la Actividad F\u00edsica y el Deporte (IMD)<\/li>\n<\/ul>\n<ul>\n<li>El programa, que tiene lugar de junio a finales de agosto, busca promover el deporte como alternativa de ocio saludable, favoreciendo adem\u00e1s la conciliaci\u00f3n de las familias<\/li>\n<\/ul>\n<ul>\n<li>Todav\u00eda pueden realizarse inscripciones, ya que el programa permanecer\u00e1 abierto mientras existan plazas disponibles en la web&nbsp;<a href=\"https:\/\/www.laspalmasgcdeportiva.es\/campus-verano-2026.html\" target=\"_blank\" rel=\"noreferrer noopener\"><u>https:\/\/www.laspalmasgcdeportiva.es\/campus-verano-2026.html<\/u><\/a><\/li>\n<\/ul>\n<p>El Ayuntamiento de Las Palmas de Gran Canaria promueve el deporte como alternativa de ocio saludable para m\u00e1s de 4.000 ni\u00f1os y ni\u00f1as de 4 a 14 a\u00f1os en los campus de verano que organiza el Instituto Municipal para la Promoci\u00f3n de la Actividad F\u00edsica y el Deporte (IMD).<\/p>\n<p>La alcaldesa, Carolina Darias, junto a la concejala de Deportes, Carla Campoamor, ha realizado un recorrido por las instalaciones del Complejo Deportivo L\u00f3pez Socas, uno de los seis espacios municipales donde se desarrolla esta iniciativa que incluye f\u00fatbol, baloncesto, voleibol, hockey, patinaje, juegos tradicionales y psicomotricidad, adem\u00e1s de talleres, manualidades, teatro o gymkanas. A trav\u00e9s de estas propuestas, los campus deportivos del IMD promueven la actividad f\u00edsica, la creatividad, el trabajo en equipo y la convivencia.<\/p>\n<p>Carolina Darias destac\u00f3 el valor de una iniciativa que ofrece a miles de ni\u00f1os y ni\u00f1as la oportunidad de disfrutar de un verano activo en un entorno seguro, favoreciendo al mismo tiempo la conciliaci\u00f3n familiar. \u201cEstamos en una de las actividades m\u00e1s importantes del verano. Es una iniciativa que permite que los chicos y las chicas disfruten haciendo ejercicio, convivan, socialicen y vivan unas vacaciones que recuerden con cari\u00f1o\u201d, se\u00f1al\u00f3 la alcaldesa.<\/p>\n<p>En concreto el Ayuntamiento oferta este verano m\u00e1s de 4.000 plazas distribuidas en seis sedes de la ciudad: L\u00f3pez Socas y Garc\u00eda San Rom\u00e1n (Ciudad Alta), Jard\u00edn de Infancia (Isleta-Puerto-Guanarteme), Leoncio Castellano (Tamaraceite-San Lorenzo-Tenoya), El Bat\u00e1n (Vegueta, Cono Sur y Tafira) y la playa de Las Alcaravaneras (Centro).&nbsp;<\/p>\n<p>El Campus de L\u00f3pez Socas, adem\u00e1s de ser el \u00fanico que permanece activo desde finales de junio hasta finales de agosto, es el que cuenta con mayor capacidad de toda la programaci\u00f3n. Cada semana re\u00fane a cerca de 150 ni\u00f1os y ni\u00f1as de entre 4 y 14 a\u00f1os, que participan en un amplio programa de actividades deportivas, educativas y de ocio saludable adaptadas a cada grupo de edad.<\/p>\n<p>El Campus de Verano constituye adem\u00e1s un importante recurso para facilitar la conciliaci\u00f3n durante las vacaciones escolares. En las sedes de L\u00f3pez Socas y Garc\u00eda San Rom\u00e1n se ofrece servicio de recogida temprana desde las 7:30 horas y, en el caso de L\u00f3pez Socas, servicio de comedor hasta las 15:00 horas.<\/p>\n<p>Por su parte, Carla Campoamor destac\u00f3 que el campus \u201cbusca que los ni\u00f1os y las ni\u00f1as no solo hagan deporte durante el verano, sino que tambi\u00e9n socialicen, conozcan nuevas personas, descubran nuevas actividades y adquieran h\u00e1bitos de vida saludables\u201d, poniendo especial atenci\u00f3n en la pr\u00e1ctica de ejercicio y una alimentaci\u00f3n equilibrada gracias al programa del comedor.<\/p>\n<p>La inclusi\u00f3n constituye otro de los pilares del programa ya que tambi\u00e9n existe un programa de coste cero para familias en situaci\u00f3n de vulnerabilidad, as\u00ed como ni\u00f1os y ni\u00f1as con necesidades espec\u00edficas de apoyo, que desarrollan las actividades con el acompa\u00f1amiento necesario para garantizar su plena participaci\u00f3n.<\/p>\n<p>Las familias interesadas todav\u00eda pueden inscribir a sus hijos e hijas en las pr\u00f3ximas semanas de actividad, ya que el programa permanecer\u00e1 abierto mientras existan plazas disponibles en la web&nbsp;<a href=\"https:\/\/www.laspalmasgcdeportiva.es\/campus-verano-2026.html\" target=\"_blank\" rel=\"noreferrer noopener\"><u>https:\/\/www.laspalmasgcdeportiva.es\/campus-verano-2026.html<\/u><\/a>.<\/p>\n<p>La iniciativa forma parte de la programaci\u00f3n estival del Ayuntamiento para la infancia y la juventud, que supera las 5.000 plazas entre las actividades impulsadas por las \u00e1reas de Deportes, Educaci\u00f3n, Juventud y Sostenibilidad.<\/p>\n<p>com\u00bb>Instituto Municipal de Deportes Las Palmas de Gran Canaria<\/a>.<\/p>\n","protected":false},"excerpt":{"rendered":"<p>La alcaldesa, Carolina Darias, ha realizado un recorrido por el Complejo Deportivo L\u00f3pez Socas, uno de los seis espacios municipales donde se desarrolla esta iniciativa del Instituto Municipal para la&hellip;<\/p>\n","protected":false},"author":1,"featured_media":5058,"comment_status":"open","ping_status":"open","sticky":false,"template":"","format":"standard","meta":{"wpai_generated_summary":"","wpai_meta_description":"","footnotes":""},"categories":[132],"tags":[],"class_list":["post-5045","post","type-post","status-publish","format-standard","has-post-thumbnail","hentry","category-ayuntamiento-de-las-palmas-de-gran-canaria"],"_links":{"self":[{"href":"https:\/\/nublo.tv\/index.php\/wp-json\/wp\/v2\/posts\/5045","targetHints":{"allow":["GET"]}}],"collection":[{"href":"https:\/\/nublo.tv\/index.php\/wp-json\/wp\/v2\/posts"}],"about":[{"href":"https:\/\/nublo.tv\/index.php\/wp-json\/wp\/v2\/types\/post"}],"author":[{"embeddable":true,"href":"https:\/\/nublo.tv\/index.php\/wp-json\/wp\/v2\/users\/1"}],"replies":[{"embeddable":true,"href":"https:\/\/nublo.tv\/index.php\/wp-json\/wp\/v2\/comments?post=5045"}],"version-history":[{"count":2,"href":"https:\/\/nublo.tv\/index.php\/wp-json\/wp\/v2\/posts\/5045\/revisions"}],"predecessor-version":[{"id":18143,"href":"https:\/\/nublo.tv\/index.php\/wp-json\/wp\/v2\/posts\/5045\/revisions\/18143"}],"wp:featuredmedia":[{"embeddable":true,"href":"https:\/\/nublo.tv\/index.php\/wp-json\/wp\/v2\/media\/5058"}],"wp:attachment":[{"href":"https:\/\/nublo.tv\/index.php\/wp-json\/wp\/v2\/media?parent=5045"}],"wp:term":[{"taxonomy":"category","embeddable":true,"href":"https:\/\/nublo.tv\/index.php\/wp-json\/wp\/v2\/categories?post=5045"},{"taxonomy":"post_tag","embeddable":true,"href":"https:\/\/nublo.tv\/index.php\/wp-json\/wp\/v2\/tags?post=5045"}],"curies":[{"name":"wp","href":"https:\/\/api.w.org\/{rel}","templated":true}]}}