{"id":5048,"date":"2026-08-22T00:03:18","date_gmt":"2026-08-21T23:03:18","guid":{"rendered":"https:\/\/nublo.tv\/?p=5048"},"modified":"2026-08-22T01:32:29","modified_gmt":"2026-08-22T00:32:29","slug":"drazel-aridia-y-cristino-se-suman-a-los-cebolleros-para-demostrar-que-el-folclore-no-pertenece-a-nadie-en-particular","status":"publish","type":"post","link":"https:\/\/nublo.tv\/index.php\/2026\/08\/22\/drazel-aridia-y-cristino-se-suman-a-los-cebolleros-para-demostrar-que-el-folclore-no-pertenece-a-nadie-en-particular\/","title":{"rendered":"Drazel, Aridia y Cristino se suman a Los Cebolleros para demostrar que el folclore no pertenece a nadie en particular"},"content":{"rendered":"<p class=\"isSelectedEnd\">La noche de este viernes dej\u00f3 un mensaje claro, adem\u00e1s de reafirmar una idea que deber\u00eda estar siempre presente cuando se habla de nuestras tradiciones: <strong>el folclore no pertenece a nadie en particular<\/strong>. Es de todos, de quienes lo interpretan, de quienes lo sienten y de quienes lo han recibido de generaciones anteriores, pero tambi\u00e9n de quienes se acercan a \u00e9l por primera vez con respeto, ilusi\u00f3n y ganas de aprender. As\u00ed qued\u00f3 demostrado en la Plaza Jos\u00e9 Rodr\u00edguez Quintana de Barrial, donde se celebr\u00f3 una nueva edici\u00f3n del Encuentro Tradicional de Cantadores, una cita que volvi\u00f3 a reunir a numeroso p\u00fablico en torno a nuestras tradiciones y que tuvo al G.F. Los Cebolleros como uno de sus grandes protagonistas.<\/p>\n<p class=\"isSelectedEnd\">Los Cebolleros pusieron la m\u00fasica para que tanto la agrupaci\u00f3n Manantial como Los Cabuqueros pudieran bailar, aunque la noche guardaba adem\u00e1s uno de esos momentos que dif\u00edcilmente se olvidan. <strong>Drazel, Aridia Ramos y Cristino Moreno<\/strong> se subieron al escenario para cantar junto al legendario grupo galdense, tres artistas vinculados a otros \u00e1mbitos musicales que decidieron acercarse al folclore tradicional y hacerlo con una naturalidad, una profesionalidad y un sentimiento que terminaron conquistando al p\u00fablico. No fue simplemente una colaboraci\u00f3n m\u00e1s dentro del programa, fue una imagen que resumi\u00f3 buena parte del esp\u00edritu de esta edici\u00f3n: diferentes caminos musicales encontr\u00e1ndose sobre un mismo escenario y entendiendo que nuestras tradiciones tambi\u00e9n pueden ser un punto de encuentro.<\/p>\n<p class=\"isSelectedEnd\">Durante la velada se interpretaron <strong>dieciocho temas<\/strong>, en un recorrido por diferentes g\u00e9neros de nuestro repertorio donde no faltaron las fol\u00edas, isas, malague\u00f1as, seguidillas, berlina, sorondongos, El Vivo, pasodobles, Pobre Rafael y las polcas. La m\u00fasica fue avanzando por la plaza mientras el p\u00fablico disfrutaba de una noche en la que el folclore volvi\u00f3 a ocupar el lugar que merece, aunque fueron las intervenciones de los tres artistas invitados las que terminaron despertando una mayor expectaci\u00f3n.<\/p>\n<p class=\"isSelectedEnd\"><strong>Cristino Moreno<\/strong> se decant\u00f3 por <em>Bolero para G\u00e1ldar<\/em>, del maestro Ignacio, una composici\u00f3n profundamente vinculada a esta tierra que volvi\u00f3 a sonar en la plaza con una interpretaci\u00f3n que fue recibida con una sonora ovaci\u00f3n. Despu\u00e9s lleg\u00f3 el turno de <strong>Aridia Ramos<\/strong>, que eligi\u00f3 <em>Madre Canaria<\/em>, en otro de los momentos especiales de la noche. Entre el p\u00fablico se encontraba su hija, todav\u00eda un beb\u00e9, que acompa\u00f1aba a su madre desde la plaza en una imagen especialmente tierna y emotiva. <strong>Drazel<\/strong> fue el encargado de cerrar este particular recorrido por la m\u00fasica de autor y popular con <em>Sombra del Nublo<\/em>, de N\u00e9stor \u00c1lamo, una de las canciones m\u00e1s reconocibles de la m\u00fasica canaria, que volvi\u00f3 a cobrar vida en la voz de un artista acostumbrado a otros registros.<\/p>\n<p class=\"isSelectedEnd\">Los tres recibieron el reconocimiento de una plaza entregada, que supo valorar no solamente sus interpretaciones, sino tambi\u00e9n el paso que hab\u00edan dado al acercarse al folclore. No resulta habitual que tres artistas procedentes de la m\u00fasica moderna o de otras disciplinas como Drazel, Aridia Ramos y Cristino Moreno decidan adentrarse en la m\u00fasica tradicional y hacerlo con tanta profesionalidad, tan buen hacer y tanto sentimiento. Precisamente ah\u00ed estuvo una de las grandes particularidades de este Encuentro Tradicional de Cantadores, en comprobar que no hace falta haber recorrido siempre el mismo camino para poder llegar a un mismo lugar. La m\u00fasica permiti\u00f3 que los tres artistas encontraran su espacio junto a Los Cebolleros y que el p\u00fablico reconociera el esfuerzo y el respeto con el que afrontaron el reto.<\/p>\n<p class=\"isSelectedEnd\">La noche volvi\u00f3 a demostrar que el folclore no necesita fronteras ni propietarios, necesita personas dispuestas a mantenerlo vivo. Necesita agrupaciones que contin\u00faen interpret\u00e1ndolo, personas que lo transmitan, nuevas generaciones que se acerquen a \u00e9l y tambi\u00e9n artistas que, desde otros caminos musicales, sean capaces de descubrir que nuestras tradiciones tienen las puertas abiertas. Lo ocurrido en Barrial fue una buena muestra de ello, porque cuando una fol\u00eda, una isa, una malague\u00f1a o una canci\u00f3n como <em>Sombra del Nublo<\/em> consigue reunir sobre un mismo escenario a m\u00fasicos de diferentes procedencias, el folclore deja de ser \u00fanicamente memoria para convertirse tambi\u00e9n en presente y, sobre todo, en futuro.<\/p>\n<p class=\"isSelectedEnd\">El presidente y director del G.F. Los Cebolleros, <strong>Mois\u00e9s Rodr\u00edguez<\/strong>, quiso agradecer a Barrial que haya vuelto a apostar por una nueva edici\u00f3n del Encuentro Tradicional de Cantadores y destac\u00f3 el papel desempe\u00f1ado por los cantadores y por sus compa\u00f1eros de agrupaci\u00f3n, poniendo especialmente en valor el esfuerzo realizado para preparar la noche. Seg\u00fan manifest\u00f3, sus compa\u00f1eros \u201cse lo han currado much\u00edsimo\u201d, por lo que para todos ellos pidi\u00f3 el mejor de los reconocimientos, el aplauso del numeroso p\u00fablico que acudi\u00f3 a la cita y que respondi\u00f3 con diferentes ovaciones a lo largo de la velada.<\/p>\n<p class=\"isSelectedEnd\">Por su parte, el presidente de la Asociaci\u00f3n de Vecinos Amagro, <strong>Pepe Garc\u00eda<\/strong>, manifest\u00f3 que Barrial es cuna de folclore y destac\u00f3 que el Encuentro Tradicional de Cantadores hab\u00eda vuelto a convertirse en un gran espect\u00e1culo, colocando una vez m\u00e1s nuestras tradiciones en lo m\u00e1s alto y demostrando que la cultura popular puede seguir teniendo un espacio protagonista dentro de las fiestas y de la vida social del barrio.<\/p>\n<p class=\"isSelectedEnd\">La celebraci\u00f3n de este encuentro ha sido posible gracias a la organizaci\u00f3n del <strong>G.F. Los Cebolleros<\/strong>, con la colaboraci\u00f3n de la <strong>Asociaci\u00f3n de Vecinos Amagro de Barrial<\/strong> y el <strong>Ayuntamiento de G\u00e1ldar<\/strong>, adem\u00e1s del patrocinio del <strong>Cabildo de Gran Canaria, a trav\u00e9s de la Consejer\u00eda de Presidencia<\/strong>, dentro de la convocatoria de subvenciones destinadas al fomento del movimiento asociativo y la convivencia ciudadana. Un respaldo que permite que iniciativas como esta contin\u00faen formando parte de la programaci\u00f3n de Barrial y que la m\u00fasica tradicional siga teniendo un espacio propio dentro de sus fiestas.<\/p>\n<p class=\"isSelectedEnd\">La Plaza Jos\u00e9 Rodr\u00edguez Quintana volvi\u00f3 a convertirse as\u00ed en un lugar de encuentro, de m\u00fasica y de convivencia. All\u00ed estuvieron las agrupaciones, los cantadores, los artistas invitados y un p\u00fablico que quiso acompa\u00f1arlos en una noche en la que diferentes formas de entender la m\u00fasica terminaron encontr\u00e1ndose en un mismo escenario. No hubo etiquetas ni fronteras, solamente m\u00fasica, sentimiento y una tradici\u00f3n que volvi\u00f3 a demostrar que est\u00e1 mucho m\u00e1s viva cuando se comparte.<\/p>\n<p class=\"isSelectedEnd\">Porque lo ocurrido este viernes en Barrial dej\u00f3 una conclusi\u00f3n que deber\u00eda servir para entender el folclore en toda su dimensi\u00f3n: <strong>no pertenece a nadie en particular. Pertenece a todos los que lo sienten, lo respetan, lo interpretan y trabajan para mantenerlo vivo<\/strong>. Cuando se comparte, cuando se abre la puerta para que otros puedan acercarse y cuando diferentes voces encuentran un mismo espacio para cantar, la tradici\u00f3n no pierde nada.<\/p>\n<p><strong>Lo gana todo.<\/strong><\/p>\n<p style=\"text-align: center\">\n","protected":false},"excerpt":{"rendered":"<p>La noche de este viernes dej\u00f3 un mensaje claro, adem\u00e1s de reafirmar una idea que deber\u00eda estar siempre presente cuando se habla de nuestras tradiciones: el folclore no pertenece a nadie en particular. Es de todos, de quienes lo interpretan, de quienes lo sienten y de quienes lo han recibido de generaciones anteriores, pero tambi\u00e9n [&hellip;]<\/p>\n","protected":false},"author":50,"featured_media":5049,"comment_status":"open","ping_status":"open","sticky":false,"template":"","format":"image","meta":{"wpai_generated_summary":"","wpai_meta_description":"","footnotes":""},"categories":[153],"tags":[],"class_list":["post-5048","post","type-post","status-publish","format-image","has-post-thumbnail","hentry","category-galdar","post_format-post-format-image"],"_links":{"self":[{"href":"https:\/\/nublo.tv\/index.php\/wp-json\/wp\/v2\/posts\/5048","targetHints":{"allow":["GET"]}}],"collection":[{"href":"https:\/\/nublo.tv\/index.php\/wp-json\/wp\/v2\/posts"}],"about":[{"href":"https:\/\/nublo.tv\/index.php\/wp-json\/wp\/v2\/types\/post"}],"author":[{"embeddable":true,"href":"https:\/\/nublo.tv\/index.php\/wp-json\/wp\/v2\/users\/50"}],"replies":[{"embeddable":true,"href":"https:\/\/nublo.tv\/index.php\/wp-json\/wp\/v2\/comments?post=5048"}],"version-history":[{"count":4,"href":"https:\/\/nublo.tv\/index.php\/wp-json\/wp\/v2\/posts\/5048\/revisions"}],"predecessor-version":[{"id":5061,"href":"https:\/\/nublo.tv\/index.php\/wp-json\/wp\/v2\/posts\/5048\/revisions\/5061"}],"wp:featuredmedia":[{"embeddable":true,"href":"https:\/\/nublo.tv\/index.php\/wp-json\/wp\/v2\/media\/5049"}],"wp:attachment":[{"href":"https:\/\/nublo.tv\/index.php\/wp-json\/wp\/v2\/media?parent=5048"}],"wp:term":[{"taxonomy":"category","embeddable":true,"href":"https:\/\/nublo.tv\/index.php\/wp-json\/wp\/v2\/categories?post=5048"},{"taxonomy":"post_tag","embeddable":true,"href":"https:\/\/nublo.tv\/index.php\/wp-json\/wp\/v2\/tags?post=5048"}],"curies":[{"name":"wp","href":"https:\/\/api.w.org\/{rel}","templated":true}]}}