{"id":5064,"date":"2026-08-22T13:06:13","date_gmt":"2026-08-22T12:06:13","guid":{"rendered":"https:\/\/nublo.tv\/?p=5064"},"modified":"2026-08-24T16:25:33","modified_gmt":"2026-08-24T15:25:33","slug":"la-cancha-de-barrial-se-transforma-en-un-gran-espacio-de-juego-y-convivencia","status":"publish","type":"post","link":"https:\/\/nublo.tv\/index.php\/2026\/08\/22\/la-cancha-de-barrial-se-transforma-en-un-gran-espacio-de-juego-y-convivencia\/","title":{"rendered":"La Cancha de Barrial se transforma en un gran espacio de juego y convivencia"},"content":{"rendered":"<p>\u2018Barrios Vivos\u2019 re\u00fane a ni\u00f1os, madres, padres, abuelos y abuelas en una ma\u00f1ana marcada por la diversi\u00f3n y el encuentro familiar<\/p>\n<p>La Cancha de Barrial se transform\u00f3 este s\u00e1bado en un gran espacio de juego, diversi\u00f3n y convivencia con la celebraci\u00f3n de una nueva jornada de \u2018Barrios Vivos\u2019, una iniciativa que volvi\u00f3 a acercar al barrio una propuesta especialmente pensada para la infancia y las familias.<\/p>\n<p>Desde primeras horas de la ma\u00f1ana, la Cancha fue recibiendo a madres, padres, abuelos, abuelas y ni\u00f1os, que participaron en una jornada en la que los m\u00e1s peque\u00f1os fueron los grandes protagonistas. Los hinchables, los talleres creativos, el pintacaras y las diferentes propuestas preparadas para la ocasi\u00f3n hicieron que el recinto se llenara de actividad, risas y momentos compartidos.<\/p>\n<p>Los ni\u00f1os y ni\u00f1as disfrutaron de principio a fin de las actividades, mientras sus familias acompa\u00f1aban y compart\u00edan con ellos una ma\u00f1ana diferente. La presencia de varias generaciones convirti\u00f3 la jornada en un aut\u00e9ntico encuentro familiar, donde abuelos y abuelas pudieron disfrutar junto a sus nietos y donde madres y padres encontraron tambi\u00e9n un espacio para compartir con otras familias del barrio.<\/p>\n<p>El presidente de la Asociaci\u00f3n de Vecinos Amagro, Pepe Garc\u00eda, destac\u00f3 la respuesta de las familias y puso en valor el protagonismo de la infancia dentro de las fiestas y de la vida de Barrial.<\/p>\n<p>\u00abLos ni\u00f1os son una parte importante de nuestras fiestas, son el presente y el futuro de nuestro barrio\u00bb, se\u00f1al\u00f3 Garc\u00eda, quien mostr\u00f3 su satisfacci\u00f3n por comprobar c\u00f3mo la actividad consigui\u00f3 reunir a diferentes generaciones en torno a los m\u00e1s peque\u00f1os.<\/p>\n<p>Para el presidente de la entidad vecinal, la ma\u00f1ana fue especialmente significativa porque \u00ablos ni\u00f1os se lo pasaron pipa, que era precisamente lo que quer\u00edamos, pero adem\u00e1s conseguimos que madres, padres, abuelos y abuelas compartieran con ellos este momento\u00bb.<\/p>\n<p>Garc\u00eda destac\u00f3 tambi\u00e9n que este tipo de actividades permiten \u00abseguir haciendo barrio\u00bb, generando espacios donde las familias puedan encontrarse y donde los m\u00e1s peque\u00f1os puedan crecer vinculados a su entorno. \u00abQueremos que nuestros ni\u00f1os disfruten de Barrial, que participen en sus fiestas y que desde peque\u00f1os sientan que este tambi\u00e9n es su espacio\u00bb, a\u00f1adi\u00f3.<\/p>\n<p>La jornada se desarroll\u00f3 dentro del proyecto \u2018Barrios Vivos\u2019, una iniciativa que forma parte de G\u00e1ldar Educa y que se desarrolla en el marco del Plan Corresponsables, impulsado por el Ayuntamiento de G\u00e1ldar a trav\u00e9s de la Concejal\u00eda de Educaci\u00f3n, con la colaboraci\u00f3n de la Federaci\u00f3n Canaria de Municipios (FECAM) y Ocho Pies.<\/p>\n<p>El proyecto tiene como objetivo llevar propuestas educativas, culturales, creativas y de ocio familiar a diferentes barrios de G\u00e1ldar, generando espacios de participaci\u00f3n y convivencia en los propios entornos vecinales. Barrial ya hab\u00eda acogido una edici\u00f3n de \u2018Barrios Vivos\u2019 en 2025 y volvi\u00f3 este a\u00f1o a formar parte de este recorrido por los barrios del municipio.<\/p>\n<p>Desde la A.V. Amagro se valor\u00f3 especialmente la participaci\u00f3n registrada durante la jornada y la posibilidad de que la Cancha de Barrial se convirtiera durante toda la ma\u00f1ana en un punto de encuentro para las familias.<\/p>\n<p>La entidad vecinal considera que actividades de este tipo contribuyen a mantener viva la participaci\u00f3n en el barrio y permiten que los m\u00e1s peque\u00f1os tengan tambi\u00e9n un papel protagonista en sus fiestas. La imagen de ni\u00f1os jugando mientras madres, padres, abuelos y abuelas compart\u00edan el espacio dej\u00f3 patente el car\u00e1cter familiar e intergeneracional de la jornada.<\/p>\n<p>La ma\u00f1ana termin\u00f3 dejando un balance muy positivo y, sobre todo, muchas sonrisas entre quienes participaron. \u2018Barrios Vivos\u2019 consigui\u00f3 convertir la Cancha de Barrial en un espacio donde jugar, crear, compartir y disfrutar juntos, demostrando que la convivencia tambi\u00e9n se construye a trav\u00e9s de momentos sencillos que re\u00fanen a varias generaciones.<\/p>\n<p>Con esta jornada, Barrial contin\u00faa incorporando propuestas dirigidas a todas las edades dentro de su programaci\u00f3n festiva y reforzando la idea de que los ni\u00f1os no solo son el futuro del barrio, sino tambi\u00e9n una parte esencial de su presente.<\/p>\n","protected":false},"excerpt":{"rendered":"<p>\u2018Barrios Vivos\u2019 re\u00fane a ni\u00f1os, madres, padres, abuelos y abuelas en una ma\u00f1ana marcada por la diversi\u00f3n y el encuentro familiar La Cancha de Barrial se transform\u00f3 este s\u00e1bado en un gran espacio de juego, diversi\u00f3n y convivencia con la celebraci\u00f3n de una nueva jornada de \u2018Barrios Vivos\u2019, una iniciativa que volvi\u00f3 a acercar al [&hellip;]<\/p>\n","protected":false},"author":50,"featured_media":5067,"comment_status":"open","ping_status":"open","sticky":false,"template":"","format":"standard","meta":{"wpai_generated_summary":"","wpai_meta_description":"","footnotes":""},"categories":[153,121],"tags":[],"class_list":["post-5064","post","type-post","status-publish","format-standard","has-post-thumbnail","hentry","category-galdar","category-noticias"],"_links":{"self":[{"href":"https:\/\/nublo.tv\/index.php\/wp-json\/wp\/v2\/posts\/5064","targetHints":{"allow":["GET"]}}],"collection":[{"href":"https:\/\/nublo.tv\/index.php\/wp-json\/wp\/v2\/posts"}],"about":[{"href":"https:\/\/nublo.tv\/index.php\/wp-json\/wp\/v2\/types\/post"}],"author":[{"embeddable":true,"href":"https:\/\/nublo.tv\/index.php\/wp-json\/wp\/v2\/users\/50"}],"replies":[{"embeddable":true,"href":"https:\/\/nublo.tv\/index.php\/wp-json\/wp\/v2\/comments?post=5064"}],"version-history":[{"count":1,"href":"https:\/\/nublo.tv\/index.php\/wp-json\/wp\/v2\/posts\/5064\/revisions"}],"predecessor-version":[{"id":5068,"href":"https:\/\/nublo.tv\/index.php\/wp-json\/wp\/v2\/posts\/5064\/revisions\/5068"}],"wp:featuredmedia":[{"embeddable":true,"href":"https:\/\/nublo.tv\/index.php\/wp-json\/wp\/v2\/media\/5067"}],"wp:attachment":[{"href":"https:\/\/nublo.tv\/index.php\/wp-json\/wp\/v2\/media?parent=5064"}],"wp:term":[{"taxonomy":"category","embeddable":true,"href":"https:\/\/nublo.tv\/index.php\/wp-json\/wp\/v2\/categories?post=5064"},{"taxonomy":"post_tag","embeddable":true,"href":"https:\/\/nublo.tv\/index.php\/wp-json\/wp\/v2\/tags?post=5064"}],"curies":[{"name":"wp","href":"https:\/\/api.w.org\/{rel}","templated":true}]}}