{"id":5069,"date":"2026-08-22T17:34:03","date_gmt":"2026-08-22T16:34:03","guid":{"rendered":"https:\/\/nublo.tv\/?p=5069"},"modified":"2026-08-27T12:35:29","modified_gmt":"2026-08-27T11:35:29","slug":"el-gran-canaria-corona-el-roque-nublo-para-cerrar-la-primera-semana-de-pretemporada","status":"publish","type":"post","link":"https:\/\/nublo.tv\/index.php\/2026\/08\/22\/el-gran-canaria-corona-el-roque-nublo-para-cerrar-la-primera-semana-de-pretemporada\/","title":{"rendered":"El Gran Canaria corona el Roque Nublo para cerrar la primera semana de pretemporada"},"content":{"rendered":"<h3 class=\"wp-block-heading\">El equipo amarillo, junto a cuerpo t\u00e9cnico y trabajadores del club, ascendieron hasta el Roque Nublo en la \u00faltima sesi\u00f3n de la primera semana.<\/h3>\n<p class=\"wp-block-paragraph\">El Gran Canaria cerr\u00f3 por todo lo alto la primera semana de pretemporada del curso 26\/27. Los pupilos de Bruno Savignani coronaron el Roque Nublo, monumento natural de la isla, en una caminata que sirvi\u00f3 para que jugadores, cuerpo t\u00e9cnico, y trabajadores del club, compartieran una agradable ma\u00f1ana de compa\u00f1erismo y buen ambiente.<\/p>\n<p class=\"wp-block-paragraph\">El equipo amarillo subi\u00f3 desde el Mirador de la Goleta hasta el Roque Nublo. Los 12 jugadores del primer equipo, m\u00e1s los canteranos en din\u00e1mica Sasha Panasiuk, Saba Merebashvili y Arthur Tsafack, lideraron una expedici\u00f3n de la que tambi\u00e9n tomaron parte cuerpo t\u00e9cnico y trabajadores de la entidad.<\/p>\n<figure class=\"wp-block-image size-large\"><img loading=\"lazy\" decoding=\"async\" width=\"1024\" height=\"683\" src=\"https:\/\/cbgc.ams3.digitaloceanspaces.com\/2026\/08\/22153947\/9f4a2c68-1b97-4caf-970d-cca0ba8477db-1024x683.jpeg\" alt=\"\" class=\"wp-image-106200\"><\/figure>\n<p class=\"wp-block-paragraph\">Tras un agradable rato en la base del Roque Nublo y alrededores, la expedici\u00f3n grancanaria se dirigi\u00f3 hasta los Llanos de la Pez, donde todos compartieron un agradable almuerzo del que se encargaron jugadores y entrenadores. Una jornada de compa\u00f1erismo y buen rollo que sirvi\u00f3 para seguir construyendo la qu\u00edmica del equipo y para cerrar la primera semana de trabajo de la pretemporada.<\/p>\n","protected":false},"excerpt":{"rendered":"<p>El equipo amarillo, junto a cuerpo t\u00e9cnico y trabajadores del club, ascendieron hasta el Roque Nublo en la \u00faltima sesi\u00f3n de la primera semana. El Gran Canaria cerr\u00f3 por todo&hellip;<\/p>\n","protected":false},"author":1,"featured_media":5072,"comment_status":"open","ping_status":"open","sticky":false,"template":"","format":"standard","meta":{"wpai_generated_summary":"","wpai_meta_description":"","footnotes":""},"categories":[122],"tags":[],"class_list":["post-5069","post","type-post","status-publish","format-standard","has-post-thumbnail","hentry","category-deportes"],"_links":{"self":[{"href":"https:\/\/nublo.tv\/index.php\/wp-json\/wp\/v2\/posts\/5069","targetHints":{"allow":["GET"]}}],"collection":[{"href":"https:\/\/nublo.tv\/index.php\/wp-json\/wp\/v2\/posts"}],"about":[{"href":"https:\/\/nublo.tv\/index.php\/wp-json\/wp\/v2\/types\/post"}],"author":[{"embeddable":true,"href":"https:\/\/nublo.tv\/index.php\/wp-json\/wp\/v2\/users\/1"}],"replies":[{"embeddable":true,"href":"https:\/\/nublo.tv\/index.php\/wp-json\/wp\/v2\/comments?post=5069"}],"version-history":[{"count":1,"href":"https:\/\/nublo.tv\/index.php\/wp-json\/wp\/v2\/posts\/5069\/revisions"}],"predecessor-version":[{"id":5071,"href":"https:\/\/nublo.tv\/index.php\/wp-json\/wp\/v2\/posts\/5069\/revisions\/5071"}],"wp:featuredmedia":[{"embeddable":true,"href":"https:\/\/nublo.tv\/index.php\/wp-json\/wp\/v2\/media\/5072"}],"wp:attachment":[{"href":"https:\/\/nublo.tv\/index.php\/wp-json\/wp\/v2\/media?parent=5069"}],"wp:term":[{"taxonomy":"category","embeddable":true,"href":"https:\/\/nublo.tv\/index.php\/wp-json\/wp\/v2\/categories?post=5069"},{"taxonomy":"post_tag","embeddable":true,"href":"https:\/\/nublo.tv\/index.php\/wp-json\/wp\/v2\/tags?post=5069"}],"curies":[{"name":"wp","href":"https:\/\/api.w.org\/{rel}","templated":true}]}}