{"id":5073,"date":"2026-08-23T01:37:28","date_gmt":"2026-08-23T00:37:28","guid":{"rendered":"https:\/\/nublo.tv\/?p=5073"},"modified":"2026-08-23T15:54:08","modified_gmt":"2026-08-23T14:54:08","slug":"la-fiesta-canaria-de-barrial-vuelve-a-ser-una-gran-celebracion-de-identidad-tradicion-y-convivencia","status":"publish","type":"post","link":"https:\/\/nublo.tv\/index.php\/2026\/08\/23\/la-fiesta-canaria-de-barrial-vuelve-a-ser-una-gran-celebracion-de-identidad-tradicion-y-convivencia\/","title":{"rendered":"La Fiesta Canaria de Barrial vuelve a ser una gran celebraci\u00f3n de identidad, tradici\u00f3n y convivencia"},"content":{"rendered":"<p><em>M\u00e1s de una veintena de mesas reunieron a familias, vecinos y visitantes en una noche que volvi\u00f3 a demostrar la personalidad propia de las fiestas de Barrial<\/em><\/p>\n<p>Barrial volvi\u00f3 a celebrar este s\u00e1bado su Fiesta Canaria, una de las citas m\u00e1s caracter\u00edsticas de las Fiestas en honor a Nuestra Se\u00f1ora de los Desamparados y una celebraci\u00f3n que, desde que naci\u00f3 en 2004, ha ido construyendo su propia historia hasta convertirse en una de las grandes se\u00f1as de identidad del barrio.<\/p>\n<p>La Plaza Jos\u00e9 Rodr\u00edguez Quintana volvi\u00f3 a ser el escenario de una noche en la que m\u00e1s de una veintena de mesas reunieron a familias, grupos de amigos, vecinos y visitantes para compartir comida, m\u00fasica y conversaci\u00f3n en un ambiente marcado por la cercan\u00eda y las ganas de disfrutar juntos.<\/p>\n<p>La Fiesta Canaria naci\u00f3 hace 22 a\u00f1os como una iniciativa propia de Barrial para reivindicar la identidad canaria dentro de sus fiestas, pero desde una perspectiva diferente a la de una romer\u00eda. La vestimenta tradicional, la m\u00fasica, los cantos, los bailes, la gastronom\u00eda y, sobre todo, la convivencia fueron desde el principio los elementos sobre los que se construy\u00f3 una celebraci\u00f3n que ha sabido mantenerse en el tiempo.<\/p>\n<p>Dos d\u00e9cadas despu\u00e9s, aquella iniciativa contin\u00faa teniendo un lugar propio dentro de las fiestas de Barrial y se ha convertido en una cita reconocible, con personalidad propia y capaz de reunir cada a\u00f1o a diferentes generaciones alrededor de una misma celebraci\u00f3n. Una propuesta que, adem\u00e1s, ha servido de referencia para otros barrios y municipios que posteriormente han incorporado encuentros similares a sus programas festivos.<\/p>\n<p>El presidente de la Asociaci\u00f3n de Vecinos \u201cAmagro\u201d, Pepe Garc\u00eda, destac\u00f3 el car\u00e1cter propio de esta celebraci\u00f3n y record\u00f3 que \u00abBarrial fue pionera en esta iniciativa y la Fiesta Canaria se ha convertido en uno de nuestros actos con identidad propia, una noche para encontrarnos, compartir y poner en valor nuestras tradiciones\u00bb.<\/p>\n<p>La m\u00fasica y el folclore fueron protagonistas de la noche con las actuaciones de A.F. Farall\u00f3n de T\u00e1bata, Parranda At\u00e9jale y Nos Vamos y Parranda El Molinillo, que pusieron el acompa\u00f1amiento musical a una celebraci\u00f3n en la que el repertorio tradicional y la participaci\u00f3n del p\u00fablico volvieron a ser parte esencial de la velada.<\/p>\n<p>Uno de los momentos m\u00e1s especiales de la noche lleg\u00f3 con el reconocimiento a la familia Flores Reyes, que estuvo representada durante el homenaje por cuatro generaciones. Una imagen cargada de significado que permiti\u00f3 reconocer la vinculaci\u00f3n de esta familia con la vida y la historia de Barrial y que, al mismo tiempo, resumi\u00f3 en una sola escena buena parte del esp\u00edritu de la Fiesta Canaria: memoria, pertenencia y transmisi\u00f3n.<\/p>\n<p>Porque precisamente ah\u00ed reside una de las claves de esta celebraci\u00f3n. Una tradici\u00f3n solo permanece viva cuando encuentra a quienes la reciben y la hacen suya. Y la imagen de cuatro generaciones de una misma familia compartiendo un homenaje en una noche dedicada a la cultura canaria fue quiz\u00e1 una de las mejores formas de representar ese relevo.<\/p>\n<p>La vestimenta tradicional tambi\u00e9n volvi\u00f3 a tener un papel destacado. Vecinos y visitantes respondieron a la invitaci\u00f3n de acudir ataviados con ropa tradicional canaria, contribuyendo a crear una estampa que convirti\u00f3 la plaza en un espacio de celebraci\u00f3n de nuestras costumbres y nuestra cultura popular.<\/p>\n<p>Pero la Fiesta Canaria fue, sobre todo, una noche para compartir. Las m\u00e1s de veinte mesas instaladas en la plaza fueron el punto de encuentro de familias y amigos que disfrutaron de la gastronom\u00eda, de la m\u00fasica y de una velada en la que abuelos, padres, madres, j\u00f3venes y ni\u00f1os pudieron vivir juntos una celebraci\u00f3n que forma parte de la memoria colectiva de Barrial.<\/p>\n<p>Desde la A.V. \u201cAmagro\u201d se mostr\u00f3 satisfacci\u00f3n por el desarrollo de la noche y se agradeci\u00f3 la participaci\u00f3n de todas las personas que acudieron, as\u00ed como de los grupos que pusieron m\u00fasica a una de las citas m\u00e1s singulares de las fiestas.<\/p>\n<p>Para Pepe Garc\u00eda, veintid\u00f3s a\u00f1os despu\u00e9s de aquella primera edici\u00f3n, Barrial vuelve a demostrar que las fiestas no solo sirven para celebrar, sino tambi\u00e9n para mantener viva la memoria de un barrio y transmitirla de una generaci\u00f3n a otra. Por eso la Fiesta Canaria contin\u00faa teniendo sentido. Porque mientras haya una mesa compartida, alguien dispuesto a vestir la ropa tradicional, una parranda tocando, una familia reunida y cuatro generaciones capaces de encontrarse bajo el mismo cielo, Barrial seguir\u00e1 teniendo una manera propia de celebrar Canarias.<\/p>\n<p>&nbsp;<\/p>\n<p>&nbsp;<\/p>\n","protected":false},"excerpt":{"rendered":"<p>M\u00e1s de una veintena de mesas reunieron a familias, vecinos y visitantes en una noche que volvi\u00f3 a demostrar la personalidad propia de las fiestas de Barrial Barrial volvi\u00f3 a celebrar este s\u00e1bado su Fiesta Canaria, una de las citas m\u00e1s caracter\u00edsticas de las Fiestas en honor a Nuestra Se\u00f1ora de los Desamparados y una [&hellip;]<\/p>\n","protected":false},"author":50,"featured_media":5074,"comment_status":"open","ping_status":"open","sticky":false,"template":"","format":"standard","meta":{"wpai_generated_summary":"","wpai_meta_description":"","footnotes":""},"categories":[153],"tags":[],"class_list":["post-5073","post","type-post","status-publish","format-standard","has-post-thumbnail","hentry","category-galdar"],"_links":{"self":[{"href":"https:\/\/nublo.tv\/index.php\/wp-json\/wp\/v2\/posts\/5073","targetHints":{"allow":["GET"]}}],"collection":[{"href":"https:\/\/nublo.tv\/index.php\/wp-json\/wp\/v2\/posts"}],"about":[{"href":"https:\/\/nublo.tv\/index.php\/wp-json\/wp\/v2\/types\/post"}],"author":[{"embeddable":true,"href":"https:\/\/nublo.tv\/index.php\/wp-json\/wp\/v2\/users\/50"}],"replies":[{"embeddable":true,"href":"https:\/\/nublo.tv\/index.php\/wp-json\/wp\/v2\/comments?post=5073"}],"version-history":[{"count":1,"href":"https:\/\/nublo.tv\/index.php\/wp-json\/wp\/v2\/posts\/5073\/revisions"}],"predecessor-version":[{"id":5075,"href":"https:\/\/nublo.tv\/index.php\/wp-json\/wp\/v2\/posts\/5073\/revisions\/5075"}],"wp:featuredmedia":[{"embeddable":true,"href":"https:\/\/nublo.tv\/index.php\/wp-json\/wp\/v2\/media\/5074"}],"wp:attachment":[{"href":"https:\/\/nublo.tv\/index.php\/wp-json\/wp\/v2\/media?parent=5073"}],"wp:term":[{"taxonomy":"category","embeddable":true,"href":"https:\/\/nublo.tv\/index.php\/wp-json\/wp\/v2\/categories?post=5073"},{"taxonomy":"post_tag","embeddable":true,"href":"https:\/\/nublo.tv\/index.php\/wp-json\/wp\/v2\/tags?post=5073"}],"curies":[{"name":"wp","href":"https:\/\/api.w.org\/{rel}","templated":true}]}}