{"id":5078,"date":"2026-08-24T01:02:10","date_gmt":"2026-08-24T00:02:10","guid":{"rendered":"https:\/\/nublo.tv\/?p=5078"},"modified":"2026-08-24T09:41:28","modified_gmt":"2026-08-24T08:41:28","slug":"aray-reyes-zeyre-guillen-y-texeneri-moreno-nuevos-representantes-de-las-fiestas-de-barrial-2026","status":"publish","type":"post","link":"https:\/\/nublo.tv\/index.php\/2026\/08\/24\/aray-reyes-zeyre-guillen-y-texeneri-moreno-nuevos-representantes-de-las-fiestas-de-barrial-2026\/","title":{"rendered":"Aray Reyes, Zeyre Guill\u00e9n y Texeneri Moreno, nuevos representantes de las Fiestas de Barrial 2026"},"content":{"rendered":"<p><strong><em>Las Fiestas en honor a Nuestra Se\u00f1ora de los Desamparados de Barrial volvieron a vivir una de sus grandes noches con una gala que reuni\u00f3 a numeroso p\u00fablico y que convirti\u00f3, una vez m\u00e1s, este acto en una de las grandes citas del programa festivo.<\/em><\/strong><\/p>\n<p>Aray Reyes Arencibia, como Rey; Zeyre Guill\u00e9n Guerra, como Reina Infantil; y Texeneri Moreno Moreno, como Reina de las Fiestas, fueron proclamados nuevos representantes de las Fiestas en honor a Nuestra Se\u00f1ora de los Desamparados de Barrial 2026 durante una gala que volvi\u00f3 a demostrar la enorme capacidad de convocatoria de esta cita.<\/p>\n<p>Como ya es uso y costumbre en Barrial, el barrio volvi\u00f3 a desbordarse. Familias, vecinos y visitantes llenaron el espacio dispuesto para una de las noches m\u00e1s esperadas del programa, en una gala marcada por la emoci\u00f3n, la ilusi\u00f3n y el protagonismo de quienes durante las \u00faltimas semanas hab\u00edan preparado con dedicaci\u00f3n su participaci\u00f3n.<\/p>\n<p>En esta edici\u00f3n fueron cuatro las candidatas a Reina Adulta, tres las candidatas a Reina Infantil y tres los candidatos a Rey, que afrontaron una noche especialmente importante en la que estaba en juego la posibilidad de convertirse en los nuevos representantes de las fiestas. La participaci\u00f3n volvi\u00f3 a ser uno de los grandes protagonistas de la noche, con una respuesta especialmente importante por parte de las familias y de quienes acompa\u00f1aron a cada uno de los candidatos y candidatas.<\/p>\n<p>El p\u00fablico mostr\u00f3 durante toda la gala un gran apoyo a cada uno de los participantes, arropando sus intervenciones con aplausos y muestras de cari\u00f1o. La respuesta de los asistentes puso de manifiesto la implicaci\u00f3n del barrio y de las familias en una elecci\u00f3n que, m\u00e1s all\u00e1 del resultado final, permiti\u00f3 que todos los candidatos y candidatas vivieran su gran noche acompa\u00f1ados por los suyos.<\/p>\n<p>La elecci\u00f3n estuvo en manos de un jurado compuesto por ocho personas, encargado de valorar las diferentes intervenciones de los candidatos y candidatas y determinar qui\u00e9nes ser\u00edan los nuevos representantes de las Fiestas de Barrial 2026.<\/p>\n<p>La gala cont\u00f3 tambi\u00e9n con la presencia del alcalde en funciones de G\u00e1ldar, Julio Mateo Castillo, as\u00ed como de los concejales del Ayuntamiento de G\u00e1ldar Antonio Mar\u00eda Ben\u00edtez Meli\u00e1n, vecino de Barrial y pregonero de sus fiestas, y Antonia Moreno Jim\u00e9nez, que quisieron acompa\u00f1ar al barrio en una de sus noches m\u00e1s se\u00f1aladas.<\/p>\n<p>La velada estuvo presentada por Andrea Garc\u00eda Felitas y Luc\u00eda Gonz\u00e1lez Salgado y cont\u00f3 con diferentes actuaciones que fueron dando ritmo al desarrollo de la gala. Aridia Ramos fue la encargada de abrir el apartado musical con dos temas. La Banda del Patio tuvo dos intervenciones a lo largo de la noche, aportando diferentes momentos musicales a la velada. Drazel ofreci\u00f3 tres temas, mientras que el transformista Ayose D\u00edaz complet\u00f3 el apartado de espect\u00e1culo con tres n\u00fameros.<\/p>\n<p>Detr\u00e1s de la gala hubo tambi\u00e9n semanas de trabajo y preparaci\u00f3n por parte de las personas designadas por la comisi\u00f3n de fiestas, encargadas de organizar los ensayos y acompa\u00f1ar a los candidatos y candidatas durante todo el proceso. Un trabajo que, aunque en muchas ocasiones queda lejos de los focos, resulta fundamental para que una noche de estas caracter\u00edsticas pueda desarrollarse con la preparaci\u00f3n necesaria.<\/p>\n<p>Los ensayos permitieron a los participantes afrontar la gala con mayor seguridad y llegar al escenario despu\u00e9s de varias semanas de preparaci\u00f3n. Una labor que forma parte de la propia fiesta y que pone de manifiesto la implicaci\u00f3n de quienes trabajan para que cada detalle est\u00e9 preparado cuando llega una de las noches m\u00e1s esperadas del programa.<\/p>\n<p>La elecci\u00f3n tendr\u00e1 adem\u00e1s una continuidad especial para Texeneri Moreno Moreno. Como nueva Reina de las Fiestas de Barrial, ser\u00e1 la representante de la Asociaci\u00f3n de Vecinos \u201cAmagro\u201d en la elecci\u00f3n de la Guayarmina de las Fiestas de Santiago Ap\u00f3stol 2027, una cita que tendr\u00e1 lugar, adem\u00e1s, en un a\u00f1o especialmente significativo al coincidir con el A\u00f1o Santo Jacobeo.<\/p>\n<p>Con esta gala, las Fiestas de Barrial encaran ya su semana grande con un amplio programa de actividades pensado para todos los p\u00fablicos y con cada jornada marcada por un protagonismo diferente. Los ni\u00f1os tendr\u00e1n un papel destacado durante el martes y el mi\u00e9rcoles, la juventud tomar\u00e1 el relevo el jueves, mientras que el viernes llegar\u00e1 una de las grandes citas con el desfile de carrozas y el concierto. El s\u00e1bado ser\u00e1 el turno de la tradicional Rama y la verbena, antes de llegar al domingo, d\u00eda grande de las fiestas, que pondr\u00e1 el broche a una semana en la que Barrial volver\u00e1 a salir a la calle para celebrar, convivir y mantener vivas sus tradiciones.<\/p>\n<p>Con la proclamaci\u00f3n de Aray Reyes Arencibia, Zeyre Guill\u00e9n Guerra y Texeneri Moreno Moreno, las Fiestas de Barrial ya cuentan con sus nuevos representantes para 2026, que tendr\u00e1n por delante un a\u00f1o para vivir y representar una celebraci\u00f3n que vuelve a demostrar, una vez m\u00e1s, la fuerza de un barrio que cuando llega su fiesta se vuelca por completo.<\/p>\n<p>&nbsp;<\/p>\n","protected":false},"excerpt":{"rendered":"<p>Las Fiestas en honor a Nuestra Se\u00f1ora de los Desamparados de Barrial volvieron a vivir una de sus grandes noches con una gala que reuni\u00f3 a numeroso p\u00fablico y que convirti\u00f3, una vez m\u00e1s, este acto en una de las grandes citas del programa festivo. Aray Reyes Arencibia, como Rey; Zeyre Guill\u00e9n Guerra, como Reina [&hellip;]<\/p>\n","protected":false},"author":50,"featured_media":5082,"comment_status":"open","ping_status":"open","sticky":false,"template":"","format":"standard","meta":{"wpai_generated_summary":"","wpai_meta_description":"","footnotes":""},"categories":[153],"tags":[],"class_list":["post-5078","post","type-post","status-publish","format-standard","has-post-thumbnail","hentry","category-galdar"],"_links":{"self":[{"href":"https:\/\/nublo.tv\/index.php\/wp-json\/wp\/v2\/posts\/5078","targetHints":{"allow":["GET"]}}],"collection":[{"href":"https:\/\/nublo.tv\/index.php\/wp-json\/wp\/v2\/posts"}],"about":[{"href":"https:\/\/nublo.tv\/index.php\/wp-json\/wp\/v2\/types\/post"}],"author":[{"embeddable":true,"href":"https:\/\/nublo.tv\/index.php\/wp-json\/wp\/v2\/users\/50"}],"replies":[{"embeddable":true,"href":"https:\/\/nublo.tv\/index.php\/wp-json\/wp\/v2\/comments?post=5078"}],"version-history":[{"count":1,"href":"https:\/\/nublo.tv\/index.php\/wp-json\/wp\/v2\/posts\/5078\/revisions"}],"predecessor-version":[{"id":5083,"href":"https:\/\/nublo.tv\/index.php\/wp-json\/wp\/v2\/posts\/5078\/revisions\/5083"}],"wp:featuredmedia":[{"embeddable":true,"href":"https:\/\/nublo.tv\/index.php\/wp-json\/wp\/v2\/media\/5082"}],"wp:attachment":[{"href":"https:\/\/nublo.tv\/index.php\/wp-json\/wp\/v2\/media?parent=5078"}],"wp:term":[{"taxonomy":"category","embeddable":true,"href":"https:\/\/nublo.tv\/index.php\/wp-json\/wp\/v2\/categories?post=5078"},{"taxonomy":"post_tag","embeddable":true,"href":"https:\/\/nublo.tv\/index.php\/wp-json\/wp\/v2\/tags?post=5078"}],"curies":[{"name":"wp","href":"https:\/\/api.w.org\/{rel}","templated":true}]}}