{"id":5084,"date":"2026-08-24T09:03:33","date_gmt":"2026-08-24T08:03:33","guid":{"rendered":"https:\/\/nublo.tv\/?p=5084"},"modified":"2026-08-27T12:35:29","modified_gmt":"2026-08-27T11:35:29","slug":"playa-del-hombre-estrena-este-sabado-subete-a-la-ola-de-la-vida-con-una-manana-para-toda-la-familia","status":"publish","type":"post","link":"https:\/\/nublo.tv\/index.php\/2026\/08\/24\/playa-del-hombre-estrena-este-sabado-subete-a-la-ola-de-la-vida-con-una-manana-para-toda-la-familia\/","title":{"rendered":"Playa del Hombre estrena este s\u00e1bado \u2018S\u00fabete a la Ola de la Vida\u2019 con una ma\u00f1ana para toda la familia"},"content":{"rendered":"<p>https:\/\/www.telde.es\/wp-content\/uploads\/2026\/08\/noticia668.jpg<\/p>\n<p align=\"justify\"><strong>Telde, 21 de agosto de 2026.-<\/strong> Playa del Hombre ser\u00e1 este s\u00e1bado, 22 de agosto, el punto de partida de una nueva edici\u00f3n de \u2018S\u00fabete a la Ola de la Vida\u2019, el programa impulsado por el Ayuntamiento de Telde a trav\u00e9s de la Concejal\u00eda de Juventud para llenar de actividad las playas, plazas y barrios durante el tramo final del verano.<\/p>\n<p align=\"justify\">La primera cita estar\u00e1 especialmente dirigida a las familias. De 11.00 a 13.00 horas se celebrar\u00e1n talleres infantiles y, a las 12.00 horas, comenzar\u00e1 un espect\u00e1culo familiar, convirtiendo durante la ma\u00f1ana este enclave costero en un espacio de encuentro y diversi\u00f3n para peque\u00f1os y mayores.<\/p>\n<p align=\"justify\">Playa del Hombre tendr\u00e1 as\u00ed el protagonismo de estrenar una programaci\u00f3n que se prolongar\u00e1 hasta el pr\u00f3ximo 13 de septiembre y que suma trece jornadas con actividades repartidas por diferentes puntos del municipio. La propuesta combina cine de verano, conciertos, talleres, espect\u00e1culos familiares, actividades recreativas y otras iniciativas pensadas para p\u00fablicos de distintas edades.<\/p>\n<p align=\"justify\">La Concejal\u00eda de Juventud, dirigida por Cristhian Santana, plantea esta edici\u00f3n con la intenci\u00f3n de que el programa llegue a distintos n\u00facleos y no concentre toda su actividad en una \u00fanica playa. Playa del Hombre, Melenara, Salinetas, Tufia, Ojos de Garza y La Garita, junto a otros barrios como Casas Nuevas, forman parte de un recorrido que busca aprovechar los espacios p\u00fablicos y mantener vivo el ambiente del verano m\u00e1s all\u00e1 de los principales enclaves de la costa.<\/p>\n<p align=\"justify\">El arranque en Playa del Hombre ser\u00e1 adem\u00e1s la primera de varias jornadas concebidas especialmente para el p\u00fablico infantil y familiar. El formato de talleres y espect\u00e1culo volver\u00e1 a repetirse posteriormente en Tufia, Ojos de Garza y La Garita, reforzando el car\u00e1cter descentralizado de la programaci\u00f3n.<\/p>\n<p><strong>Despu\u00e9s, m\u00fasica en Melenara y cine en Salinetas<\/strong><\/p>\n<p align=\"justify\">Tras el estreno de este s\u00e1bado, \u2018S\u00fabete a la Ola de la Vida\u2019 continuar\u00e1 ya el domingo 23 de agosto en Melenara, donde a las 21.00 horas tendr\u00e1 lugar la actuaci\u00f3n musical \u2018Mujeres D\u2019.<\/p>\n<p align=\"justify\">Uno de los platos fuertes llegar\u00e1 la pr\u00f3xima semana a Salinetas, con el regreso del cine de verano junto al mar. El martes 25 de agosto se proyectar\u00e1 \u2018Mufasa: El Rey Le\u00f3n\u2019; el mi\u00e9rcoles 26, \u2018El Casopl\u00f3n\u2019; y el viernes 28, \u2018Lilo y Stitch\u2019, todas ellas a partir de las 20.30 horas.<\/p>\n<p align=\"justify\">La m\u00fasica volver\u00e1 a tomar Melenara el jueves 27 con el concierto de \u2018El \u00daltimo Que Cierre\u2019, a las 21.00 horas, mientras que el s\u00e1bado 29 la actividad se repartir\u00e1 entre Tufia, con talleres y espect\u00e1culo familiar por la ma\u00f1ana, y Melenara, donde por la noche actuar\u00e1 la orquesta Star Music dentro de las fiestas del barrio.<\/p>\n<p align=\"justify\">El programa continuar\u00e1 durante septiembre en otros puntos del municipio hasta concluir el domingo 13 en la plaza de La Garita, manteniendo la filosof\u00eda que da nombre a la iniciativa: salir a la calle, disfrutar de los barrios y playas y generar espacios de convivencia durante las \u00faltimas semanas del verano.<\/p>\n<p align=\"justify\">La iniciativa cuenta tambi\u00e9n con la colaboraci\u00f3n de la Concejal\u00eda de Cultura, dirigida por Juan Martel, y de la empresa municipal GESTEL, implicada en la producci\u00f3n y desarrollo de las distintas actividades.<\/p>\n<p align=\"justify\">Con el estreno de este s\u00e1bado en Playa del Hombre, Telde inicia as\u00ed m\u00e1s de tres semanas de programaci\u00f3n que utilizar\u00e1 nuevamente su litoral y sus espacios p\u00fablicos como escenarios abiertos para el ocio, la cultura y la convivencia.<\/p>\n","protected":false},"excerpt":{"rendered":"<p>https:\/\/www.telde.es\/wp-content\/uploads\/2026\/08\/noticia668.jpgTelde, 21 de agosto de 2026.- Playa del Hombre ser\u00e1 este s\u00e1bado, 22 de agosto, el punto de partida de una nueva edici\u00f3n de \u2018S\u00fabete a la Ola de la&hellip;<\/p>\n","protected":false},"author":1,"featured_media":5085,"comment_status":"open","ping_status":"open","sticky":false,"template":"","format":"standard","meta":{"wpai_generated_summary":"","wpai_meta_description":"","footnotes":""},"categories":[140],"tags":[],"class_list":["post-5084","post","type-post","status-publish","format-standard","has-post-thumbnail","hentry","category-ayuntamiento-de-telde"],"_links":{"self":[{"href":"https:\/\/nublo.tv\/index.php\/wp-json\/wp\/v2\/posts\/5084","targetHints":{"allow":["GET"]}}],"collection":[{"href":"https:\/\/nublo.tv\/index.php\/wp-json\/wp\/v2\/posts"}],"about":[{"href":"https:\/\/nublo.tv\/index.php\/wp-json\/wp\/v2\/types\/post"}],"author":[{"embeddable":true,"href":"https:\/\/nublo.tv\/index.php\/wp-json\/wp\/v2\/users\/1"}],"replies":[{"embeddable":true,"href":"https:\/\/nublo.tv\/index.php\/wp-json\/wp\/v2\/comments?post=5084"}],"version-history":[{"count":1,"href":"https:\/\/nublo.tv\/index.php\/wp-json\/wp\/v2\/posts\/5084\/revisions"}],"predecessor-version":[{"id":5106,"href":"https:\/\/nublo.tv\/index.php\/wp-json\/wp\/v2\/posts\/5084\/revisions\/5106"}],"wp:featuredmedia":[{"embeddable":true,"href":"https:\/\/nublo.tv\/index.php\/wp-json\/wp\/v2\/media\/5085"}],"wp:attachment":[{"href":"https:\/\/nublo.tv\/index.php\/wp-json\/wp\/v2\/media?parent=5084"}],"wp:term":[{"taxonomy":"category","embeddable":true,"href":"https:\/\/nublo.tv\/index.php\/wp-json\/wp\/v2\/categories?post=5084"},{"taxonomy":"post_tag","embeddable":true,"href":"https:\/\/nublo.tv\/index.php\/wp-json\/wp\/v2\/tags?post=5084"}],"curies":[{"name":"wp","href":"https:\/\/api.w.org\/{rel}","templated":true}]}}