{"id":5086,"date":"2026-08-24T09:03:30","date_gmt":"2026-08-24T08:03:30","guid":{"rendered":"https:\/\/nublo.tv\/?p=5086"},"modified":"2026-08-27T12:35:29","modified_gmt":"2026-08-27T11:35:29","slug":"telde-saca-a-concurrencia-cuatro-puestos-gastronomicos-del-mercado-municipal","status":"publish","type":"post","link":"https:\/\/nublo.tv\/index.php\/2026\/08\/24\/telde-saca-a-concurrencia-cuatro-puestos-gastronomicos-del-mercado-municipal\/","title":{"rendered":"Telde saca a concurrencia cuatro puestos gastron\u00f3micos del Mercado Municipal"},"content":{"rendered":"<p>https:\/\/www.telde.es\/wp-content\/uploads\/2026\/08\/noticia669.jpg<\/p>\n<p align=\"justify\"><strong>Telde, 21 de agosto de 2026.-<\/strong> El Ayuntamiento de Telde, a trav\u00e9s de la Concejal\u00eda de Mercados, ha abierto el procedimiento de concurrencia p\u00fablica para la ocupaci\u00f3n y explotaci\u00f3n de los cuatro nuevos espacios gastron\u00f3micos del Mercado Municipal de Abastos, situado en la calle Poeta Pablo Neruda. Toda la documentaci\u00f3n, las bases y los modelos necesarios se encuentran desde este momento disponibles en el Perfil del Contratante, donde las personas interesadas pueden consultar las condiciones y tramitar electr\u00f3nicamente sus propuestas.<\/p>\n<p align=\"justify\">Se trata de los espacios identificados como G1, G2, G3 y G4, todos ellos ubicados en la planta superior del Mercado y con una superficie aproximada de 33,78 metros cuadrados cada uno. Presentan las mismas caracter\u00edsticas constructivas, distribuci\u00f3n y condiciones funcionales, diferenci\u00e1ndose \u00fanicamente por su emplazamiento dentro de la zona gastron\u00f3mica.<\/p>\n<p align=\"justify\">La convocatoria se tramita en r\u00e9gimen de concurrencia p\u00fablica, bajo los principios de publicidad, transparencia e igualdad. Las bases establecen un plazo de 30 d\u00edas h\u00e1biles para la presentaci\u00f3n de solicitudes y contemplan su publicaci\u00f3n tanto en el Bolet\u00edn Oficial de la Provincia como en la Plataforma de Contrataci\u00f3n del Sector P\u00fablico y en el tabl\u00f3n electr\u00f3nico municipal. La publicaci\u00f3n en el BOP est\u00e1 prevista para la pr\u00f3xima semana.<\/p>\n<p align=\"justify\">Los nuevos espacios fueron creados durante la rehabilitaci\u00f3n integral del Mercado y responden a la voluntad municipal de complementar la actividad tradicional de abasto con una oferta gastron\u00f3mica diferente, capaz de generar actividad durante m\u00e1s horas, atraer nuevos p\u00fablicos y convertir el recinto en un espacio comercial y tambi\u00e9n de encuentro ciudadano. Las bases plantean expresamente que esta zona contribuya a la dinamizaci\u00f3n comercial, social y econ\u00f3mica, al emprendimiento, la creaci\u00f3n de empleo y la promoci\u00f3n del producto local y de kil\u00f3metro cero.<\/p>\n<p><strong>Un m\u00ednimo de 180,30 euros al mes y hasta 100 puntos<\/strong><\/p>\n<p align=\"justify\">La selecci\u00f3n no depender\u00e1 \u00fanicamente de presentar una solicitud. Cada propuesta ser\u00e1 valorada sobre un m\u00e1ximo de 100 puntos, repartidos entre la oferta econ\u00f3mica, el compromiso con la dinamizaci\u00f3n del Mercado y la vinculaci\u00f3n con Telde. El criterio de mayor peso ser\u00e1 el canon mensual ofertado, que podr\u00e1 alcanzar hasta 70 puntos. El importe m\u00ednimo se establece en 180,30 euros al mes, de manera que cada interesado deber\u00e1 indicar en su propuesta cu\u00e1nto est\u00e1 dispuesto a abonar mensualmente por la ocupaci\u00f3n del espacio. La oferta econ\u00f3mica m\u00e1s elevada recibir\u00e1 la m\u00e1xima puntuaci\u00f3n y el resto se valorar\u00e1 proporcionalmente.<\/p>\n<p align=\"justify\">Otros 20 puntos estar\u00e1n relacionados con el compromiso de los futuros ocupantes para participar activamente en la dinamizaci\u00f3n del Mercado. Se valorar\u00e1 la realizaci\u00f3n de actividades y propuestas coincidiendo con fechas de especial inter\u00e9s comercial y festivo, como Navidad, y las bases establecen expresamente diferentes puntuaciones seg\u00fan el n\u00famero de eventos anuales comprometidos, incluyendo especialmente Carnavales y el D\u00eda de Canarias. Finalmente, se reservan hasta 10 puntos por el empadronamiento o vinculaci\u00f3n domiciliaria con Telde.<\/p>\n<p align=\"justify\">La puntuaci\u00f3n final determinar\u00e1 adem\u00e1s el orden para escoger los locales. El aspirante que obtenga la mayor valoraci\u00f3n podr\u00e1 elegir primero entre G1, G2, G3 y G4; posteriormente lo har\u00e1 el segundo clasificado y as\u00ed sucesivamente hasta completar los cuatro espacios. En caso de empate, las bases contemplan un sorteo p\u00fablico.<\/p>\n<p><strong>Cafeter\u00eda, reposter\u00eda, degustaci\u00f3n y producto local<\/strong><\/p>\n<p align=\"justify\">Los cuatro locales se entregan di\u00e1fanos, con suelos, paredes y techos terminados, pero sin mobiliario, maquinaria ni equipamiento comercial. Disponen de las acometidas necesarias de agua y electricidad, mientras que cada adjudicatario deber\u00e1 asumir la contrataci\u00f3n de sus suministros, contadores y el equipamiento necesario para desarrollar su actividad.<\/p>\n<p align=\"justify\">La convocatoria est\u00e1 orientada hacia f\u00f3rmulas de restauraci\u00f3n ligera y degustaci\u00f3n compatibles con el edificio, y que no contemplen la extracci\u00f3n de humos. Entre las actividades que las propias bases citan como referencia figuran cafeter\u00edas, pasteler\u00eda y reposter\u00eda, determinados formatos de panader\u00eda, tapas fr\u00edas, productos gourmet, productos locales y de kil\u00f3metro cero, bebidas, elaboraciones fr\u00edas o comidas preparadas para llevar que no requieran sistemas de extracci\u00f3n.<\/p>\n<p align=\"justify\">El objetivo de la Concejal\u00eda de Mercados es precisamente diversificar la oferta, buscando iniciativas que complementen a las actividades existentes y que aporten alternativas diferentes dentro del nuevo modelo del Mercado Municipal.<\/p>\n<p align=\"justify\">Las autorizaciones tendr\u00e1n inicialmente una duraci\u00f3n de dos a\u00f1os, con posibilidad de pr\u00f3rroga expresa hasta un m\u00e1ximo total de cuatro a\u00f1os. Una vez concedida la autorizaci\u00f3n, los titulares dispondr\u00e1n adem\u00e1s de dos meses para poner en marcha el establecimiento.<\/p>\n<p><strong>Tambi\u00e9n saldr\u00e1n los puestos de abasto<\/strong><\/p>\n<p align=\"justify\">Este procedimiento para los cuatro espacios gastron\u00f3micos ser\u00e1 seguido en los pr\u00f3ximos d\u00edas por una segunda convocatoria destinada a cubrir los restantes puestos vacantes vinculados al abasto tradicional.<\/p>\n<p align=\"justify\">La Concejal\u00eda trabaja para que ambas l\u00edneas avancen de forma paralela: recuperar la esencia tradicional del Mercado, con productos frescos y actividades propias de una plaza de abastos, y sumar una zona gastron\u00f3mica que ampl\u00ede sus posibilidades y genere nuevos motivos para acudir al recinto.<\/p>\n<p align=\"justify\">La hoja de ruta del Gobierno municipal que preside Juan Antonio Pe\u00f1a pasa por llegar a la reapertura con el m\u00e1ximo n\u00famero posible de puestos ocupados. El Ayuntamiento quiere evitar que la reapertura se produzca con espacios sin actividad y, por ello, est\u00e1 adelantando ahora los procedimientos de selecci\u00f3n para que los futuros titulares puedan preparar sus proyectos y equipar sus locales.<\/p>\n<p align=\"justify\">La puesta en funcionamiento efectiva del Mercado queda actualmente condicionada a que se complete la tramitaci\u00f3n pendiente en materia de suministro y puesta en servicio el\u00e9ctrica ante Industria del Gobierno de Canarias. Una vez superado ese \u00faltimo tr\u00e1mite t\u00e9cnico, el Ayuntamiento estar\u00e1 en disposici\u00f3n de avanzar hacia la apertura del inmueble.<\/p>\n<p><strong>Informaci\u00f3n, visitas y resoluci\u00f3n de dudas<\/strong><\/p>\n<p align=\"justify\">La Concejal\u00eda de Mercados facilitar\u00e1 informaci\u00f3n a todas las personas interesadas durante el procedimiento. Los cuatro espacios pueden visitarse presencialmente, de forma que los posibles aspirantes conozcan sus dimensiones, ubicaci\u00f3n y condiciones antes de formular su propuesta.<\/p>\n<p align=\"justify\">Las dudas administrativas pueden plantearse a trav\u00e9s de la propia Plataforma de Contrataci\u00f3n del Sector P\u00fablico, donde se centralizan las comunicaciones de la convocatoria, o presencialmente en las dependencias municipales de El Cubillo. Tambi\u00e9n se ha habilitado como contacto el correo electr\u00f3nico <a href=\"mailto:crismoreno@telde.es\">crismoreno@telde.es<\/a>.<\/p>\n<p align=\"justify\">El Ayuntamiento anima a emprendedores, profesionales del sector y empresas interesadas a estudiar las bases y presentar propuestas que permitan dar contenido a los cuatro nuevos espacios, dentro del objetivo de recuperar el Mercado Municipal como un recinto de abasto, gastronom\u00eda, actividad econ\u00f3mica y encuentro para la ciudad.<\/p>\n","protected":false},"excerpt":{"rendered":"<p>https:\/\/www.telde.es\/wp-content\/uploads\/2026\/08\/noticia669.jpgTelde, 21 de agosto de 2026.- El Ayuntamiento de Telde, a trav\u00e9s de la Concejal\u00eda de Mercados, ha abierto el procedimiento de concurrencia p\u00fablica para la ocupaci\u00f3n y explotaci\u00f3n de&hellip;<\/p>\n","protected":false},"author":1,"featured_media":5087,"comment_status":"open","ping_status":"open","sticky":false,"template":"","format":"standard","meta":{"wpai_generated_summary":"","wpai_meta_description":"","footnotes":""},"categories":[140],"tags":[],"class_list":["post-5086","post","type-post","status-publish","format-standard","has-post-thumbnail","hentry","category-ayuntamiento-de-telde"],"_links":{"self":[{"href":"https:\/\/nublo.tv\/index.php\/wp-json\/wp\/v2\/posts\/5086","targetHints":{"allow":["GET"]}}],"collection":[{"href":"https:\/\/nublo.tv\/index.php\/wp-json\/wp\/v2\/posts"}],"about":[{"href":"https:\/\/nublo.tv\/index.php\/wp-json\/wp\/v2\/types\/post"}],"author":[{"embeddable":true,"href":"https:\/\/nublo.tv\/index.php\/wp-json\/wp\/v2\/users\/1"}],"replies":[{"embeddable":true,"href":"https:\/\/nublo.tv\/index.php\/wp-json\/wp\/v2\/comments?post=5086"}],"version-history":[{"count":1,"href":"https:\/\/nublo.tv\/index.php\/wp-json\/wp\/v2\/posts\/5086\/revisions"}],"predecessor-version":[{"id":5105,"href":"https:\/\/nublo.tv\/index.php\/wp-json\/wp\/v2\/posts\/5086\/revisions\/5105"}],"wp:featuredmedia":[{"embeddable":true,"href":"https:\/\/nublo.tv\/index.php\/wp-json\/wp\/v2\/media\/5087"}],"wp:attachment":[{"href":"https:\/\/nublo.tv\/index.php\/wp-json\/wp\/v2\/media?parent=5086"}],"wp:term":[{"taxonomy":"category","embeddable":true,"href":"https:\/\/nublo.tv\/index.php\/wp-json\/wp\/v2\/categories?post=5086"},{"taxonomy":"post_tag","embeddable":true,"href":"https:\/\/nublo.tv\/index.php\/wp-json\/wp\/v2\/tags?post=5086"}],"curies":[{"name":"wp","href":"https:\/\/api.w.org\/{rel}","templated":true}]}}