{"id":5088,"date":"2026-08-24T09:03:27","date_gmt":"2026-08-24T08:03:27","guid":{"rendered":"https:\/\/nublo.tv\/?p=5088"},"modified":"2026-08-27T12:35:29","modified_gmt":"2026-08-27T11:35:29","slug":"telde-mantiene-vivo-el-recuerdo-de-las-victimas-del-jk5022-desde-el-respeto-y-la-intimidad","status":"publish","type":"post","link":"https:\/\/nublo.tv\/index.php\/2026\/08\/24\/telde-mantiene-vivo-el-recuerdo-de-las-victimas-del-jk5022-desde-el-respeto-y-la-intimidad\/","title":{"rendered":"Telde mantiene vivo el recuerdo de las v\u00edctimas del JK5022 desde el respeto y la intimidad"},"content":{"rendered":"<p>https:\/\/www.telde.es\/wp-content\/uploads\/2026\/08\/noticia670.jpg<\/p>\n<p align=\"justify\"><strong>Telde, 20 de agosto de 2026.-<\/strong> Telde recuerda este jueves a las 154 personas que perdieron la vida, a los 18 supervivientes y a todas las familias afectadas por el accidente del vuelo JK5022 de Spanair, cuando se cumplen 18 a\u00f1os de una tragedia que permanece profundamente vinculada a la memoria colectiva de Canarias.<\/p>\n<p align=\"justify\">El alcalde de Telde, Juan Antonio Pe\u00f1a, traslada en su nombre, en el de la Corporaci\u00f3n municipal y de toda la ciudadan\u00eda teldense, un mensaje de recuerdo, cari\u00f1o y respeto a quienes aquel 20 de agosto de 2008 viajaban con destino a Gran Canaria y a todos aquellos cuyas vidas quedaron para siempre marcadas por lo sucedido.<\/p>\n<p align=\"justify\">Este aniversario vuelve a vivirse en Telde sin convocatoria institucional p\u00fablica, respetando la decisi\u00f3n expresada por la Asociaci\u00f3n de Afectados del Vuelo JK5022 y las propias familias de transitar estos a\u00f1os desde una mayor intimidad.<\/p>\n<p align=\"justify\">Fue durante el homenaje celebrado en la playa de Ojos de Garza en 2024 cuando la Asociaci\u00f3n traslad\u00f3 p\u00fablicamente su voluntad de comenzar a cerrar el largo ciclo de duelo p\u00fablico que hab\u00eda mantenido durante m\u00e1s de d\u00e9cada y media. Ya en 2025, Telde respet\u00f3 esa petici\u00f3n y no organiz\u00f3 el tradicional acto institucional, mientras el colectivo vecinal Playgarza mantuvo el recuerdo mediante una sencilla ofrenda floral, sin convocatoria p\u00fablica.<\/p>\n<p align=\"justify\">Pe\u00f1a considera que respetar esa decisi\u00f3n forma tambi\u00e9n parte del homenaje. \u201cDurante muchos a\u00f1os las familias han compartido con toda Canarias un dolor que les pertenece y han permitido que las instituciones y la sociedad las acompa\u00f1emos. Si ahora han decidido vivir esta fecha desde la intimidad y el recogimiento, nuestra obligaci\u00f3n es respetarlo con la misma sensibilidad con la que durante tantos a\u00f1os hemos estado a su lado\u201d, manifiesta el alcalde.<\/p>\n<p align=\"justify\">El primer edil a\u00f1ade que<strong> \u201cno hace falta celebrar un acto para recordar. Telde no olvida a las v\u00edctimas del JK5022 y cada 20 de agosto nuestro pensamiento vuelve a ellas, a los supervivientes y especialmente a sus familiares\u201d.<\/strong><\/p>\n<p><strong>La playa de Ojos de Garza, un lugar para la memoria<\/strong><\/p>\n<p align=\"justify\">Ese recuerdo tiene en Telde un lugar f\u00edsico: la plaza del Cristo de la playa de Ojos de Garza, donde permanece el monumento levantado en memoria de las v\u00edctimas. La obra, conocida como \u2018Luces en el vac\u00edo\u2019, fue dise\u00f1ada por Juan Verona y ejecutada por el escultor M\u00e1ximo Riol, Hijo Adoptivo de Telde. La elecci\u00f3n de Ojos de Garza estuvo vinculada desde sus or\u00edgenes a su cercan\u00eda con el aeropuerto de Gran Canaria, destino del JK5022 y punto de regreso para muchas de las personas que viajaban a bordo.<\/p>\n<p align=\"justify\">La pieza fue concebida para convertir la luz en parte del propio recuerdo. Su estructura permite que el sol atraviese la obra y proyecte su luz sobre el espacio inferior del monumento, haciendo de ella mucho m\u00e1s que una escultura: un lugar permanente para detenerse, recordar y mantener presente a quienes faltan.<\/p>\n<p align=\"justify\">Durante a\u00f1os, este espacio ha acogido flores, m\u00fasica, poemas, silencios y encuentros entre familiares, vecinos e instituciones. Sin embargo, su significado no depende \u00fanicamente de lo que ocurre cada 20 de agosto.<\/p>\n<p><strong>Los vecinos, custodios de un recuerdo<\/strong><\/p>\n<p align=\"justify\">El alcalde pone en valor especialmente el papel desempe\u00f1ado durante todos estos a\u00f1os por los vecinos y vecinas de la playa de Ojos de Garza, que han hecho suyo el monumento y se han convertido, desde la cercan\u00eda y la discreci\u00f3n, en custodios cotidianos de la memoria del JK5022.<\/p>\n<p align=\"justify\">Dentro de esa implicaci\u00f3n han tenido un protagonismo especial la Asociaci\u00f3n de Vecinos Playgarza y la Asociaci\u00f3n Amigos del Cristo, colectivos que han acompa\u00f1ado los homenajes celebrados en la playa y han contribuido a que el recuerdo permanezca vivo en este enclave de la costa teldense.<\/p>\n<p align=\"justify\">Ambas asociaciones participaron junto al Ayuntamiento y las familias en anteriores conmemoraciones. Pe\u00f1a agradece<strong> \u201cla enorme sensibilidad de un barrio que entendi\u00f3 desde el primer momento que aquella escultura no era simplemente una pieza situada en una plaza\u201d.<\/strong><\/p>\n<p align=\"justify\"><strong>\u201cLos vecinos de la playa de Ojos de Garza la han cuidado como se cuidan las cosas importantes. Han acompa\u00f1ado a las familias, han colocado flores, han estado presentes cuando se les necesitaba y, cuando lleg\u00f3 el momento de guardar silencio, tambi\u00e9n supieron hacerlo. Ese comportamiento dice mucho de este barrio y de su gente\u201d,<\/strong> afirma.<\/p>\n<p align=\"justify\">El alcalde hace extensivo ese reconocimiento a Playgarza y Amigos del Cristo por \u201cmantener durante tantos a\u00f1os una relaci\u00f3n de respeto, cari\u00f1o y responsabilidad con este lugar y con todo lo que representa\u201d.<\/p>\n<p><strong>Dieciocho a\u00f1os despu\u00e9s<\/strong><\/p>\n<p align=\"justify\">El vuelo JK5022 de Spanair sufri\u00f3 el accidente el 20 de agosto de 2008 en el aeropuerto de Madrid-Barajas, cuando se dispon\u00eda a volar hacia Gran Canaria. A bordo viajaban 172 personas: 154 fallecieron y 18 sobrevivieron.<\/p>\n<p align=\"justify\">Dieciocho a\u00f1os despu\u00e9s, este 20 de agosto se conmemora adem\u00e1s por segundo a\u00f1o el D\u00eda Nacional de las V\u00edctimas de Accidentes A\u00e9reos y sus Familias, establecido por el Gobierno de Espa\u00f1a en 2025 precisamente haciendo coincidir la fecha con el aniversario del JK5022.<\/p>\n<p align=\"justify\">Para Pe\u00f1a, la existencia de esta jornada nacional <strong>\u201cdemuestra que la memoria de aquella tragedia trascendi\u00f3 a las propias familias y consigui\u00f3 abrir un debate que ha servido para poner en primer plano la seguridad a\u00e9rea, la atenci\u00f3n a las v\u00edctimas y la responsabilidad que tienen las administraciones y las instituciones\u201d.<\/strong><\/p>\n<p align=\"justify\"><strong>\u201cTelde estuvo, est\u00e1 y seguir\u00e1 estando al lado de las familias\u201d,<\/strong> sostiene el alcalde. <strong>\u201cPero estar al lado de alguien significa tambi\u00e9n saber cu\u00e1ndo acompa\u00f1ar p\u00fablicamente y cu\u00e1ndo hacerlo desde el silencio\u201d.<\/strong><\/p>\n<p align=\"justify\">El regidor concluye trasladando, en nombre de la ciudad, <strong>\u201cun abrazo respetuoso a cada familia, un recuerdo emocionado para las 154 personas que perdieron la vida y todo nuestro cari\u00f1o para quienes sobrevivieron y han tenido que convivir desde entonces con las consecuencias de aquel d\u00eda\u201d.<\/strong><\/p>\n<p align=\"justify\"><strong>\u201cEn la playa de Ojos de Garza existe un lugar que seguir\u00e1 hablando por todos nosotros. Mientras permanezca esa luz, mientras haya un vecino que mire hacia ese monumento y recuerde por qu\u00e9 est\u00e1 all\u00ed, Telde seguir\u00e1 manteniendo viva su memoria\u201d,<\/strong> concluye Juan Antonio Pe\u00f1a.<\/p>\n","protected":false},"excerpt":{"rendered":"<p>https:\/\/www.telde.es\/wp-content\/uploads\/2026\/08\/noticia670.jpgTelde, 20 de agosto de 2026.- Telde recuerda este jueves a las 154 personas que perdieron la vida, a los 18 supervivientes y a todas las familias afectadas por el&hellip;<\/p>\n","protected":false},"author":1,"featured_media":5089,"comment_status":"open","ping_status":"open","sticky":false,"template":"","format":"standard","meta":{"wpai_generated_summary":"","wpai_meta_description":"","footnotes":""},"categories":[140],"tags":[],"class_list":["post-5088","post","type-post","status-publish","format-standard","has-post-thumbnail","hentry","category-ayuntamiento-de-telde"],"_links":{"self":[{"href":"https:\/\/nublo.tv\/index.php\/wp-json\/wp\/v2\/posts\/5088","targetHints":{"allow":["GET"]}}],"collection":[{"href":"https:\/\/nublo.tv\/index.php\/wp-json\/wp\/v2\/posts"}],"about":[{"href":"https:\/\/nublo.tv\/index.php\/wp-json\/wp\/v2\/types\/post"}],"author":[{"embeddable":true,"href":"https:\/\/nublo.tv\/index.php\/wp-json\/wp\/v2\/users\/1"}],"replies":[{"embeddable":true,"href":"https:\/\/nublo.tv\/index.php\/wp-json\/wp\/v2\/comments?post=5088"}],"version-history":[{"count":1,"href":"https:\/\/nublo.tv\/index.php\/wp-json\/wp\/v2\/posts\/5088\/revisions"}],"predecessor-version":[{"id":5104,"href":"https:\/\/nublo.tv\/index.php\/wp-json\/wp\/v2\/posts\/5088\/revisions\/5104"}],"wp:featuredmedia":[{"embeddable":true,"href":"https:\/\/nublo.tv\/index.php\/wp-json\/wp\/v2\/media\/5089"}],"wp:attachment":[{"href":"https:\/\/nublo.tv\/index.php\/wp-json\/wp\/v2\/media?parent=5088"}],"wp:term":[{"taxonomy":"category","embeddable":true,"href":"https:\/\/nublo.tv\/index.php\/wp-json\/wp\/v2\/categories?post=5088"},{"taxonomy":"post_tag","embeddable":true,"href":"https:\/\/nublo.tv\/index.php\/wp-json\/wp\/v2\/tags?post=5088"}],"curies":[{"name":"wp","href":"https:\/\/api.w.org\/{rel}","templated":true}]}}