{"id":5090,"date":"2026-08-24T09:03:23","date_gmt":"2026-08-24T08:03:23","guid":{"rendered":"https:\/\/nublo.tv\/?p=5090"},"modified":"2026-08-27T12:35:29","modified_gmt":"2026-08-27T11:35:29","slug":"america-suena-en-telde-para-celebrar-los-675-anos-de-historia-de-la-ciudad","status":"publish","type":"post","link":"https:\/\/nublo.tv\/index.php\/2026\/08\/24\/america-suena-en-telde-para-celebrar-los-675-anos-de-historia-de-la-ciudad\/","title":{"rendered":"\u00abAm\u00e9rica suena en Telde\u00bb para celebrar los 675 a\u00f1os de historia de la ciudad"},"content":{"rendered":"<p>https:\/\/www.telde.es\/wp-content\/uploads\/2026\/08\/noticia673.jpg<\/p>\n<p align=\"justify\"><strong>Telde, 19 de agosto de 2026.-<\/strong> Am\u00e9rica sonar\u00e1 en el coraz\u00f3n hist\u00f3rico de Telde el pr\u00f3ximo viernes 18 de septiembre. La Orquesta Filarm\u00f3nica de Gran Canaria protagonizar\u00e1 una de las grandes citas culturales de la celebraci\u00f3n del 675 aniversario de la fundaci\u00f3n de la ciudad, con un concierto extraordinario en el Auditorio del Parque Urbano de San Juan que comenzar\u00e1 a las 20.30 horas y tendr\u00e1 entrada libre hasta completar aforo.<\/p>\n<p align=\"justify\">Bajo el t\u00edtulo Sonidos de Am\u00e9rica, la formaci\u00f3n sinf\u00f3nica grancanaria estar\u00e1 dirigida por el prestigioso maestro venezolano Christian V\u00e1squez, que conducir\u00e1 al p\u00fablico en un recorrido musical por algunas de las sonoridades m\u00e1s representativas del continente americano, con especial protagonismo de Venezuela, M\u00e9xico y Argentina. La m\u00fasica sinf\u00f3nica llenar\u00e1 as\u00ed uno de los espacios m\u00e1s emblem\u00e1ticos de Telde en una noche dise\u00f1ada para celebrar la historia de la ciudad desde la cultura y, al mismo tiempo, abrir la conmemoraci\u00f3n a toda la ciudadan\u00eda.<\/p>\n<p><strong>Un viaje musical por Am\u00e9rica<\/strong><\/p>\n<p align=\"justify\">El programa preparado para Telde dibuja un amplio recorrido por la creaci\u00f3n musical latinoamericana. La velada comenzar\u00e1 con De mi Tierra, de Giancarlo Castro D\u2019Addona, y continuar\u00e1 con una de las composiciones latinoamericanas contempor\u00e1neas m\u00e1s reconocibles, el Danz\u00f3n n\u00ba 8 de Arturo M\u00e1rquez.<\/p>\n<p align=\"justify\">La propuesta incluye igualmente Mariachitl\u00e1n, de Juan Pablo Contreras; la Sinfon\u00eda n\u00ba 2, Sinfon\u00eda India, de Carlos Ch\u00e1vez; Sensemay\u00e1, de Silvestre Revueltas; y el popular Huapango, de Jos\u00e9 Pablo Moncayo. Argentina estar\u00e1 representada a trav\u00e9s de Alberto Ginastera y las cuatro danzas de su ballet Estancia, mientras que el programa se completa con Antr\u00f3polis, de la compositora mexicana Gabriela Ortiz. Un repertorio de gran riqueza r\u00edtmica y orquestal con el que la Filarm\u00f3nica de Gran Canaria transformar\u00e1 durante una noche el parque de San Juan en un gran auditorio al aire libre.<\/p>\n<p align=\"justify\">El concejal de Cultura, Juan Martel, considera que el concierto representa \u201cuna oportunidad excepcional para acercar la m\u00fasica sinf\u00f3nica a todo el mundo en un espacio abierto, sin barreras y en pleno coraz\u00f3n de nuestra ciudad\u201d. Martel subraya que \u201cno hace falta ser un experto en m\u00fasica cl\u00e1sica para disfrutar de este programa. Hablamos de obras llenas de ritmo, fuerza, identidad y emoci\u00f3n, capaces de conectar de manera muy directa con el p\u00fablico. Queremos que la gente venga, se siente en San Juan y se deje sorprender por la Filarm\u00f3nica\u201d.<\/p>\n<p><strong>Christian V\u00e1squez, una batuta internacional<\/strong><\/p>\n<p align=\"justify\">Al frente de la Orquesta Filarm\u00f3nica de Gran Canaria estar\u00e1 Christian V\u00e1squez, uno de los directores venezolanos con mayor proyecci\u00f3n internacional de su generaci\u00f3n.<\/p>\n<p align=\"justify\">Formado dentro del reconocido sistema venezolano de orquestas juveniles e infantiles impulsado por Jos\u00e9 Antonio Abreu, V\u00e1squez ha desarrollado una extensa trayectoria internacional y ha dirigido formaciones como la Philharmonia Orchestra, la Filarm\u00f3nica de R\u00f3terdam, la Orquesta de la Radio de Viena, la Filarm\u00f3nica de Tokio, la Sinf\u00f3nica de Singapur, la Filarm\u00f3nica de Helsinki, la Orquesta Sinf\u00f3nica Nacional de M\u00e9xico o la Filarm\u00f3nica de Los \u00c1ngeles, entre otras.<\/p>\n<p align=\"justify\">Tambi\u00e9n fue director titular de la Orquesta Sinf\u00f3nica de Stavanger, en Noruega, y director musical de la Orquesta Juvenil Teresa Carre\u00f1o de Venezuela. Su relaci\u00f3n con la m\u00fasica latinoamericana ocupa un lugar destacado dentro de su trayectoria art\u00edstica. Precisamente esa procedencia y conocimiento del repertorio americano aportar\u00e1n una personalidad especial al concierto previsto en Telde.<\/p>\n<p align=\"justify\">La cita ser\u00e1 el <strong>viernes 18 de septiembre, a las 20.30 horas, en el Auditorio del Parque Urbano de San Juan. La entrada ser\u00e1 libre y gratuita hasta completar el aforo.<\/strong><\/p>\n","protected":false},"excerpt":{"rendered":"<p>https:\/\/www.telde.es\/wp-content\/uploads\/2026\/08\/noticia673.jpgTelde, 19 de agosto de 2026.- Am\u00e9rica sonar\u00e1 en el coraz\u00f3n hist\u00f3rico de Telde el pr\u00f3ximo viernes 18 de septiembre. La Orquesta Filarm\u00f3nica de Gran Canaria protagonizar\u00e1 una de las&hellip;<\/p>\n","protected":false},"author":1,"featured_media":5091,"comment_status":"open","ping_status":"open","sticky":false,"template":"","format":"standard","meta":{"wpai_generated_summary":"","wpai_meta_description":"","footnotes":""},"categories":[140],"tags":[],"class_list":["post-5090","post","type-post","status-publish","format-standard","has-post-thumbnail","hentry","category-ayuntamiento-de-telde"],"_links":{"self":[{"href":"https:\/\/nublo.tv\/index.php\/wp-json\/wp\/v2\/posts\/5090","targetHints":{"allow":["GET"]}}],"collection":[{"href":"https:\/\/nublo.tv\/index.php\/wp-json\/wp\/v2\/posts"}],"about":[{"href":"https:\/\/nublo.tv\/index.php\/wp-json\/wp\/v2\/types\/post"}],"author":[{"embeddable":true,"href":"https:\/\/nublo.tv\/index.php\/wp-json\/wp\/v2\/users\/1"}],"replies":[{"embeddable":true,"href":"https:\/\/nublo.tv\/index.php\/wp-json\/wp\/v2\/comments?post=5090"}],"version-history":[{"count":1,"href":"https:\/\/nublo.tv\/index.php\/wp-json\/wp\/v2\/posts\/5090\/revisions"}],"predecessor-version":[{"id":5103,"href":"https:\/\/nublo.tv\/index.php\/wp-json\/wp\/v2\/posts\/5090\/revisions\/5103"}],"wp:featuredmedia":[{"embeddable":true,"href":"https:\/\/nublo.tv\/index.php\/wp-json\/wp\/v2\/media\/5091"}],"wp:attachment":[{"href":"https:\/\/nublo.tv\/index.php\/wp-json\/wp\/v2\/media?parent=5090"}],"wp:term":[{"taxonomy":"category","embeddable":true,"href":"https:\/\/nublo.tv\/index.php\/wp-json\/wp\/v2\/categories?post=5090"},{"taxonomy":"post_tag","embeddable":true,"href":"https:\/\/nublo.tv\/index.php\/wp-json\/wp\/v2\/tags?post=5090"}],"curies":[{"name":"wp","href":"https:\/\/api.w.org\/{rel}","templated":true}]}}