{"id":5092,"date":"2026-08-24T09:03:20","date_gmt":"2026-08-24T08:03:20","guid":{"rendered":"https:\/\/nublo.tv\/?p=5092"},"modified":"2026-08-27T12:35:29","modified_gmt":"2026-08-27T11:35:29","slug":"telde-abre-este-viernes-las-inscripciones-de-la-travesia-a-nado-de-salinetas-dolores-alvarez","status":"publish","type":"post","link":"https:\/\/nublo.tv\/index.php\/2026\/08\/24\/telde-abre-este-viernes-las-inscripciones-de-la-travesia-a-nado-de-salinetas-dolores-alvarez\/","title":{"rendered":"Telde abre este viernes las inscripciones de la Traves\u00eda a Nado de Salinetas \u201cDolores \u00c1lvarez\u201d"},"content":{"rendered":"<p>https:\/\/www.telde.es\/wp-content\/uploads\/2026\/08\/noticia672.jpg<\/p>\n<p align=\"justify\"><strong>Telde, 20 de agosto de 2026.\u2013<\/strong> La Concejal\u00eda de Actividad F\u00edsica y Deportes del Ayuntamiento de Telde, que dirige Cristhian Santana Caballero, abrir\u00e1 ma\u00f1ana viernes 21 de agosto el plazo de inscripci\u00f3n para la 17\u00aa Traves\u00eda a Nado de Salinetas 2026 \u201cDolores \u00c1lvarez\u201d, recuperando una de las citas deportivas m\u00e1s emblem\u00e1ticas del municipio tras ocho a\u00f1os sin celebrarse, que tendr\u00e1 lugar el domingo 6 de septiembre a las 10:30 horas.<\/p>\n<p align=\"justify\">La prueba se desarrollar\u00e1 sobre una distancia de 1.500 metros en aguas abiertas, con salida desde la Playa de Melenara, recorrido en direcci\u00f3n a Taliarte y meta en la Playa de Salinetas, bajo la organizaci\u00f3n del Ayuntamiento de Telde en colaboraci\u00f3n con el Club Costa Este.<\/p>\n<p align=\"justify\">El evento mantiene su car\u00e1cter gratuito y solidario, ya que cada participante deber\u00e1 aportar un kilogramo de alimentos no perecederos en el momento de la retirada del dorsal-chip y gorro, que ser\u00e1n destinados a fines sociales. La participaci\u00f3n estar\u00e1 limitada a 300 nadadores, pudiendo inscribirse personas a partir de 14 a\u00f1os, federadas o no.<\/p>\n<p align=\"justify\">El plazo de inscripci\u00f3n permanecer\u00e1 abierto desde el 21 de agosto hasta el 4 de septiembre, o hasta completar el cupo de plazas, y deber\u00e1 formalizarse a trav\u00e9s de la web de la Concejal\u00eda de Actividad F\u00edsica y Deportes, deportes.telde.es admiti\u00e9ndose una \u00fanica inscripci\u00f3n por persona.<\/p>\n<p align=\"justify\">Cristhian Santana Caballero, destaca que<strong> \u201cla Traves\u00eda a Nado de Salinetas es una de las pruebas m\u00e1s queridas por nuestros deportistas y un claro ejemplo de c\u00f3mo el deporte puede ir de la mano de la solidaridad\u201d.<\/strong> Asimismo, a\u00f1ade que <strong>\u201crecuperar despu\u00e9s de ocho a\u00f1os sin celebrarse y consolidar este evento supone reforzar la identidad deportiva de Telde y seguir promoviendo h\u00e1bitos de vida saludable en un entorno \u00fanico como nuestro litoral\u201d.<\/strong><\/p>\n<p align=\"justify\">Santana tambi\u00e9n quiso animar a la ciudadan\u00eda a participar, subrayando que <strong>\u201cinvitamos tanto a nadadores experimentados como a quienes se inician en aguas abiertas a formar parte de esta experiencia, siempre desde la responsabilidad y la preparaci\u00f3n adecuada\u201d.<\/strong><\/p>\n<p align=\"justify\">La organizaci\u00f3n contar\u00e1 con un completo dispositivo de seguridad que incluir\u00e1 se\u00f1alizaci\u00f3n del recorrido mediante boyas, control de tiempos con chip, asistencia en el mar y cobertura a trav\u00e9s de seguro de responsabilidad civil y accidentes. En este sentido, se recuerda que la prueba se desarrolla en aguas abiertas, por lo que es imprescindible contar con una adecuada preparaci\u00f3n f\u00edsica.<\/p>\n<p align=\"justify\">En el apartado competitivo, recibir\u00e1n trofeo los tres primeros clasificados de la general masculina y femenina, mientras que todos los participantes que finalicen la traves\u00eda obtendr\u00e1n un obsequio finisher conmemorativo.<\/p>\n<p align=\"justify\">Para m\u00e1s informaci\u00f3n, las personas interesadas pueden dirigirse a la Concejal\u00eda de Actividad F\u00edsica y Deportes del Ayuntamiento de Telde llamando al<strong> tel\u00e9fono 928 139 050, extensiones 31914 y 31903,<\/strong> o consultar sus canales oficiales en redes sociales, donde se publicar\u00e1n todas las novedades relacionadas con la prueba<\/p>\n","protected":false},"excerpt":{"rendered":"<p>https:\/\/www.telde.es\/wp-content\/uploads\/2026\/08\/noticia672.jpgTelde, 20 de agosto de 2026.\u2013 La Concejal\u00eda de Actividad F\u00edsica y Deportes del Ayuntamiento de Telde, que dirige Cristhian Santana Caballero, abrir\u00e1 ma\u00f1ana viernes 21 de agosto el plazo&hellip;<\/p>\n","protected":false},"author":1,"featured_media":5093,"comment_status":"open","ping_status":"open","sticky":false,"template":"","format":"standard","meta":{"wpai_generated_summary":"","wpai_meta_description":"","footnotes":""},"categories":[140],"tags":[],"class_list":["post-5092","post","type-post","status-publish","format-standard","has-post-thumbnail","hentry","category-ayuntamiento-de-telde"],"_links":{"self":[{"href":"https:\/\/nublo.tv\/index.php\/wp-json\/wp\/v2\/posts\/5092","targetHints":{"allow":["GET"]}}],"collection":[{"href":"https:\/\/nublo.tv\/index.php\/wp-json\/wp\/v2\/posts"}],"about":[{"href":"https:\/\/nublo.tv\/index.php\/wp-json\/wp\/v2\/types\/post"}],"author":[{"embeddable":true,"href":"https:\/\/nublo.tv\/index.php\/wp-json\/wp\/v2\/users\/1"}],"replies":[{"embeddable":true,"href":"https:\/\/nublo.tv\/index.php\/wp-json\/wp\/v2\/comments?post=5092"}],"version-history":[{"count":1,"href":"https:\/\/nublo.tv\/index.php\/wp-json\/wp\/v2\/posts\/5092\/revisions"}],"predecessor-version":[{"id":5102,"href":"https:\/\/nublo.tv\/index.php\/wp-json\/wp\/v2\/posts\/5092\/revisions\/5102"}],"wp:featuredmedia":[{"embeddable":true,"href":"https:\/\/nublo.tv\/index.php\/wp-json\/wp\/v2\/media\/5093"}],"wp:attachment":[{"href":"https:\/\/nublo.tv\/index.php\/wp-json\/wp\/v2\/media?parent=5092"}],"wp:term":[{"taxonomy":"category","embeddable":true,"href":"https:\/\/nublo.tv\/index.php\/wp-json\/wp\/v2\/categories?post=5092"},{"taxonomy":"post_tag","embeddable":true,"href":"https:\/\/nublo.tv\/index.php\/wp-json\/wp\/v2\/tags?post=5092"}],"curies":[{"name":"wp","href":"https:\/\/api.w.org\/{rel}","templated":true}]}}