{"id":5094,"date":"2026-08-24T09:03:17","date_gmt":"2026-08-24T08:03:17","guid":{"rendered":"https:\/\/nublo.tv\/?p=5094"},"modified":"2026-08-27T12:35:29","modified_gmt":"2026-08-27T11:35:29","slug":"telde-lleva-subete-a-la-ola-de-la-vida-por-toda-su-costa-con-cine-musica-y-actividades-para-todas-las-edades","status":"publish","type":"post","link":"https:\/\/nublo.tv\/index.php\/2026\/08\/24\/telde-lleva-subete-a-la-ola-de-la-vida-por-toda-su-costa-con-cine-musica-y-actividades-para-todas-las-edades\/","title":{"rendered":"Telde lleva \u2018S\u00fabete a la Ola de la Vida\u2019 por toda su costa con cine, m\u00fasica y actividades para todas las edades"},"content":{"rendered":"<p>https:\/\/www.telde.es\/wp-content\/uploads\/2026\/08\/noticia671.jpg<strong>Telde, 20 de agosto de 2026.-<\/strong> El verano todav\u00eda tiene mucho que decir en Telde. El Ayuntamiento presenta este jueves la programaci\u00f3n completa de \u2018S\u00fabete a la Ola de la Vida 2026\u2019, una propuesta con la que la Concejal\u00eda de Juventud vuelve a convertir playas, plazas y espacios p\u00fablicos del municipio en escenarios de cine, m\u00fasica, actividades infantiles, espect\u00e1culos familiares, ocio y convivencia.<\/p>\n<p>La iniciativa comenzar\u00e1 este s\u00e1bado 22 de agosto en Playa del Hombre y recorrer\u00e1 durante las siguientes semanas los principales n\u00facleos del litoral teldense, llegando a Playa del Hombre, Melenara, Salinetas, Tufia, Ojos de Garza y La Garita. A ellos se suma tambi\u00e9n Casas Nuevas, extendiendo la programaci\u00f3n fuera de la primera l\u00ednea costera y reforzando la vocaci\u00f3n descentralizadora de un proyecto que pretende acercar las actividades municipales a los lugares en los que vive y se encuentra la ciudadan\u00eda.<\/p>\n<p>El concejal de Juventud, Cristhian Santana, destaca que esta nueva edici\u00f3n busca precisamente \u201cque la programaci\u00f3n se mueva por Telde y que sean los barrios los que se conviertan en protagonistas\u201d.<\/p>\n<p><strong>\u201cNo quer\u00edamos concentrar toda la actividad en un \u00fanico lugar. Telde tiene una costa extensa, barrios con identidad propia y espacios p\u00fablicos extraordinarios. La idea es que durante estas semanas siempre haya una raz\u00f3n para acercarse a alguno de ellos y disfrutar en familia, con amigos o con los m\u00e1s peque\u00f1os\u201d,<\/strong> se\u00f1ala el edil.<\/p>\n<p><strong>Una programaci\u00f3n que recorre el litoral<\/strong><br \/>\n\u2018S\u00fabete a la Ola de la Vida\u2019 recupera as\u00ed uno de sus principios hist\u00f3ricos: llevar el ocio directamente a los barrios. No habr\u00e1 un \u00fanico escenario ni un \u00fanico tipo de actividad. La programaci\u00f3n se adapta a cada espacio y combina propuestas de ma\u00f1ana, tarde y noche, desde talleres infantiles junto al mar hasta conciertos, cine sobre la arena o festivales de rock.<\/p>\n<p>Playa del Hombre ser\u00e1 la encargada de abrir el programa este s\u00e1bado 22 de agosto, con talleres infantiles entre las 11.00 y las 13.00 horas y un espect\u00e1culo familiar a partir de las 12.00 horas. Ser\u00e1 una de las f\u00f3rmulas que se repetir\u00e1 posteriormente en otros puntos de la costa, acercando actividades gratuitas a familias que habitualmente utilizan estos espacios durante el verano.<\/p>\n<p>La intenci\u00f3n, explica Juventud, es tambi\u00e9n prolongar la vida de las playas y los barrios m\u00e1s all\u00e1 del ba\u00f1o, generando lugares de convivencia y encuentro en sus paseos, plazas y zonas p\u00fablicas.<\/p>\n<p><strong>Salinetas vuelve a convertirse en una gran sala de cine<\/strong><br \/>\nUno de los momentos m\u00e1s esperados ser\u00e1 el regreso del cine de verano a Salinetas, una iniciativa que en anteriores ediciones ha dejado algunas de las im\u00e1genes m\u00e1s multitudinarias de \u2018S\u00fabete a la Ola de la Vida\u2019. La playa volver\u00e1 a convertirse durante tres noches en una sala de cine al aire libre, con las familias sentadas sobre la arena y el mar como fondo.<\/p>\n<p>La primera sesi\u00f3n ser\u00e1 el martes 25 de agosto, a las 20.30 horas, con \u2018Mufasa: El Rey Le\u00f3n\u2019, la historia que profundiza en los or\u00edgenes de uno de los personajes m\u00e1s conocidos del universo Disney. El mi\u00e9rcoles 26 de agosto, tambi\u00e9n a las 20.30 horas, ser\u00e1 el turno de \u2018El Casopl\u00f3n\u2019, incorporando una propuesta diferente dentro de una programaci\u00f3n que busca llegar tanto al p\u00fablico infantil como al adulto.<\/p>\n<p>La tercera cita llegar\u00e1 el viernes 28 de agosto, nuevamente a las 20.30 horas, con \u2018Lilo y Stitch\u2019, uno de los grandes \u00e9xitos familiares recientes y una pel\u00edcula especialmente dirigida al p\u00fablico infantil y juvenil. Juventud vuelve as\u00ed a apostar por un formato que combina cultura, ocio y uno de los principales atractivos naturales de la ciudad. <strong>\u201cVer una pel\u00edcula en Salinetas, sentado en la arena, acompa\u00f1ado de cientos de personas, es una experiencia totalmente distinta. Son actividades sencillas, pero consiguen que las familias salgan de casa, se encuentren y hagan suyo el espacio p\u00fablico\u201d,<\/strong> se\u00f1ala Santana.<\/p>\n<p>&nbsp;<\/p>\n<p><strong>Melenara, m\u00fasica durante su gran semana<\/strong><br \/>\nMelenara tendr\u00e1 tambi\u00e9n un peso destacado dentro de la programaci\u00f3n, coincidiendo con unas fechas en las que el barrio vive algunos de los d\u00edas de mayor afluencia de todo el verano. El domingo 23 de agosto, a las 21.00 horas, actuar\u00e1 Mujeres D, mientras que el jueves 27, a la misma hora, llegar\u00e1 El \u00daltimo Que Cierre.<\/p>\n<p>La programaci\u00f3n se reforzar\u00e1 el s\u00e1bado 29 de agosto, coincidiendo con la gran noche de los fuegos artificiales de Melenara, con una verbena de Star Music desde las 22.00 horas.<\/p>\n<p>La incorporaci\u00f3n de estos actos permite sumar la programaci\u00f3n de Juventud al propio calendario festivo del n\u00facleo costero y ofrecer alternativas antes y despu\u00e9s de algunas de las jornadas que tradicionalmente concentran a miles de personas.<\/p>\n<p><strong>Tufia tambi\u00e9n tendr\u00e1 su jornada familiar<\/strong><br \/>\nOtro de los enclaves elegidos es Tufia, uno de los n\u00facleos costeros con personalidad propia dentro del municipio. El s\u00e1bado 29 de agosto, desde las 11.00 hasta las 13.00 horas, se desarrollar\u00e1n talleres infantiles y, a partir de las 12.00 horas, un espect\u00e1culo familiar.<\/p>\n<p>La apuesta por Tufia responde precisamente al prop\u00f3sito de que \u2018S\u00fabete a la Ola de la Vida\u2019 no se limite a los n\u00facleos costeros de mayor poblaci\u00f3n o afluencia, sino que llegue tambi\u00e9n a espacios m\u00e1s peque\u00f1os.<br \/>\n\u201cUna programaci\u00f3n descentralizada significa precisamente esto: no medir los barrios por su n\u00famero de habitantes, sino ofrecer oportunidades para que cada uno tenga actividad y protagonismo\u201d, destaca Santana.<\/p>\n<p><strong>Casas Nuevas tambi\u00e9n se moja<\/strong><br \/>\nLa programaci\u00f3n saltar\u00e1 despu\u00e9s hasta Casas Nuevas. El s\u00e1bado 5 de septiembre, la plaza de Gran Canaria acoger\u00e1 de 11.00 a 13.00 horas castillos hinchables acu\u00e1ticos, una propuesta pensada especialmente para los m\u00e1s peque\u00f1os, junto a un espect\u00e1culo familiar a partir de las 12.00 horas.<\/p>\n<p>De esta forma, el programa supera la franja estrictamente litoral y acerca tambi\u00e9n la actividad a barrios pr\u00f3ximos a la costa. El martes 8 de septiembre, desde las 10.00 horas, la Asociaci\u00f3n de Valdecasas ser\u00e1 escenario del I Torneo Solidario \u2018Mate al inicio de curso\u2019, una iniciativa vinculada al ajedrez y concebida para combinar participaci\u00f3n y compromiso social.<\/p>\n<p>Con esta actividad, Juventud introduce un contenido diferente dentro de una programaci\u00f3n que no se limita exclusivamente a espect\u00e1culos y ocio.<\/p>\n<p><strong>Garita&#8217;s Rock regresa el 7 de septiembre<\/strong><br \/>\nLa m\u00fasica cambiar\u00e1 totalmente de registro el lunes 7 de septiembre, cuando la plaza de La Garita acoja desde las 19.00 horas una nueva edici\u00f3n de Garita&#8217;s Rock. El encuentro recupera otra de las vertientes de \u2018S\u00fabete a la Ola de la Vida\u2019: la apuesta por los j\u00f3venes, la m\u00fasica en directo y g\u00e9neros que permiten ampliar la variedad de p\u00fablicos a los que se dirige el proyecto.<\/p>\n<p>Desde Juventud se insiste en que precisamente esa diversidad es una de las principales caracter\u00edsticas de la edici\u00f3n de 2026. \u201cNo todo el mundo busca lo mismo. Hay familias que quieren una actividad para sus hijos por la ma\u00f1ana, j\u00f3venes que prefieren un concierto, personas que quieren ver cine y otras que disfrutan de una verbena. La Ola tiene que ser capaz de reunir todas esas formas diferentes de disfrutar del municipio\u201d, explica Santana.<\/p>\n<p><strong>Dos d\u00edas de actividad en la playa de Ojos de Garza<\/strong><br \/>\nLa playa de Ojos de Garza ser\u00e1 otro de los grandes protagonistas del tramo final. El viernes 11 de septiembre tendr\u00e1 una noche eminentemente musical. A las 21.00 horas actuar\u00e1 Cremita de Coco y, desde las 22.30 horas, ser\u00e1 el turno de Los Sarantontones.<\/p>\n<p>Al d\u00eda siguiente, s\u00e1bado 12, la programaci\u00f3n cambiar\u00e1 por completo para dirigirse a las familias. Entre las 11.00 y las 13.00 horas habr\u00e1 talleres infantiles y, a las 12.00 horas, un espect\u00e1culo familiar. La presencia durante dos jornadas consecutivas permite combinar p\u00fablicos diferentes y convertir el propio barrio en punto de encuentro durante todo el fin de semana.<\/p>\n<p><strong>La Garita despedir\u00e1 la programaci\u00f3n familiar<\/strong><br \/>\nLa \u00faltima gran cita del calendario de Juventud llegar\u00e1 el domingo 13 de septiembre en La Garita, con talleres infantiles entre las 11.00 y las 13.00 horas y un espect\u00e1culo familiar a las 12.00 horas. Ser\u00e1 el cierre de 13 jornadas de programaci\u00f3n distribuidas por diferentes puntos de la ciudad, aunque el paraguas de \u2018S\u00fabete a la Ola de la Vida\u2019 continuar\u00e1 posteriormente incorporando otras iniciativas municipales.<\/p>\n<p>Entre ellas estar\u00e1n las I Jornadas del Bocadillo de Pata y del Cochino Canario, impulsadas desde la Concejal\u00eda de Sector Primario, que dirige Mar\u00eda Calder\u00edn, y previstas entre el 21 y el 26 de septiembre. Esta incorporaci\u00f3n servir\u00e1 como complemento gastron\u00f3mico al programa y permitir\u00e1 sumar la promoci\u00f3n del producto local y de la actividad del sector primario al conjunto de propuestas de final de verano.<\/p>\n<p><strong>Recuperar la calle y generar vida en los barrios<\/strong><br \/>\nPara Juventud, detr\u00e1s de la programaci\u00f3n existe tambi\u00e9n un objetivo relacionado con el uso de los espacios p\u00fablicos. El Ayuntamiento pretende que plazas, playas y paseos mar\u00edtimos sean durante estas semanas lugares de convivencia intergeneracional, facilitando que ni\u00f1os, j\u00f3venes, adultos y mayores compartan actividades en un mismo entorno.<\/p>\n<p>Adem\u00e1s, la celebraci\u00f3n de actos en diferentes n\u00facleos permite generar movimiento en cada barrio, incrementar la presencia de personas en sus espacios p\u00fablicos y favorecer indirectamente la actividad de cafeter\u00edas, restaurantes y peque\u00f1os establecimientos de las zonas en las que se desarrolla cada propuesta. \u2018S\u00fabete a la Ola de la Vida\u2019 recupera de esta manera el esp\u00edritu de un programa que forma parte de la memoria de varias generaciones de teldenses, pero lo adapta a una ciudad y a unas formas de ocio diferentes.<\/p>\n<p>El concejal agradece adem\u00e1s la implicaci\u00f3n de las diferentes \u00e1reas municipales, de Cultura, dirigida por Juan Martel, de Sector Primario, con Mar\u00eda Calder\u00edn, de la empresa p\u00fablica Gestel, as\u00ed como de los colectivos, asociaciones y equipos humanos que participan en las distintas actividades.<\/p>\n<p><strong>\u201cLo importante es que durante las pr\u00f3ximas semanas Telde tenga vida, que nuestros barrios tengan programaci\u00f3n y que cada familia pueda encontrar una actividad que le apetezca. Tenemos playas extraordinarias y espacios p\u00fablicos que son un privilegio; ahora queremos llenarlos tambi\u00e9n de experiencias\u201d,<\/strong> concluye.<\/p>\n<p><strong>PROGRAMACI\u00d3N<\/strong><br \/>\n<strong>S\u00e1bado 22 de agosto | Playa del Hombre<\/strong><\/p>\n<ul>\n<li>11.00 a 13.00 horas: talleres infantiles.<\/li>\n<li>12.00 horas: espect\u00e1culo familiar.<\/li>\n<\/ul>\n<p><strong>Domingo 23 de agosto | Melenara<\/strong><\/p>\n<ul>\n<li>21.00 horas: Mujeres D.<\/li>\n<\/ul>\n<p><strong>Martes 25 de agosto | Salinetas<\/strong><\/p>\n<ul>\n<li>20.30 horas: Cine de verano \u2014 \u2018Mufasa: El Rey Le\u00f3n\u2019.<\/li>\n<\/ul>\n<p><strong>Mi\u00e9rcoles 26 de agosto | Salinetas<\/strong><\/p>\n<ul>\n<li>20.30 horas: Cine de verano \u2014 \u2018El Casopl\u00f3n\u2019.<\/li>\n<\/ul>\n<p><strong>Jueves 27 de agosto | Melenara<\/strong><\/p>\n<ul>\n<li>21.00 horas: El \u00daltimo Que Cierre.<\/li>\n<\/ul>\n<p><strong>Viernes 28 de agosto | Salinetas<\/strong><\/p>\n<ul>\n<li>20.30 horas: Cine de verano \u2014 \u2018Lilo y Stitch\u2019.<\/li>\n<\/ul>\n<p><strong>S\u00e1bado 29 de agosto | Tufia<\/strong><\/p>\n<ul>\n<li>11.00 a 13.00 horas: talleres infantiles.<\/li>\n<li>12.00 horas: espect\u00e1culo familiar.<\/li>\n<\/ul>\n<p><strong>S\u00e1bado 29 de agosto | Melenara<\/strong><\/p>\n<ul>\n<li>22.00 horas: verbena con Star Music.<\/li>\n<\/ul>\n<p><strong>S\u00e1bado 5 de septiembre | Casas Nuevas<\/strong><\/p>\n<ul>\n<li>11.00 a 13.00 horas: castillos hinchables acu\u00e1ticos.<\/li>\n<li>12.00 horas: espect\u00e1culo familiar.<\/li>\n<\/ul>\n<p><strong>Lunes 7 de septiembre | La Garita<\/strong><\/p>\n<ul>\n<li>19.00 horas: Garita&#8217;s Rock.<\/li>\n<\/ul>\n<p><strong>Martes 8 de septiembre | Valdecasas<\/strong><\/p>\n<ul>\n<li>10.00 horas: I Torneo Solidario \u2018Mate al inicio de curso\u2019.<\/li>\n<\/ul>\n<p><strong>Viernes 11 de septiembre | Ojos de Garza<\/strong><\/p>\n<ul>\n<li>21.00 horas: Cremita de Coco.<\/li>\n<li>22.30 horas: Los Sarantontones.<\/li>\n<\/ul>\n<p><strong>S\u00e1bado 12 de septiembre | Ojos de Garza<\/strong><\/p>\n<ul>\n<li>11.00 a 13.00 horas: talleres infantiles.<\/li>\n<li>12.00 horas: espect\u00e1culo familiar.<\/li>\n<\/ul>\n<p><strong>Domingo 13 de septiembre | La Garita<\/strong><\/p>\n<ul>\n<li>11.00 a 13.00 horas: talleres infantiles.<\/li>\n<li>12.00 horas: espect\u00e1culo familiar.<\/li>\n<\/ul>\n<p><strong>Del 21 al 26 de septiembre<\/strong><\/p>\n<ul>\n<li>I Jornadas del Bocadillo de Pata y del Cochino Canario, dentro de las acciones complementarias vinculadas a \u2018S\u00fabete a la Ola de la Vida\u2019.<\/li>\n<\/ul>\n","protected":false},"excerpt":{"rendered":"<p>https:\/\/www.telde.es\/wp-content\/uploads\/2026\/08\/noticia671.jpgTelde, 20 de agosto de 2026.- El verano todav\u00eda tiene mucho que decir en Telde. El Ayuntamiento presenta este jueves la programaci\u00f3n completa de \u2018S\u00fabete a la Ola de la&hellip;<\/p>\n","protected":false},"author":1,"featured_media":5101,"comment_status":"open","ping_status":"open","sticky":false,"template":"","format":"standard","meta":{"wpai_generated_summary":"","wpai_meta_description":"","footnotes":""},"categories":[140],"tags":[],"class_list":["post-5094","post","type-post","status-publish","format-standard","has-post-thumbnail","hentry","category-ayuntamiento-de-telde"],"_links":{"self":[{"href":"https:\/\/nublo.tv\/index.php\/wp-json\/wp\/v2\/posts\/5094","targetHints":{"allow":["GET"]}}],"collection":[{"href":"https:\/\/nublo.tv\/index.php\/wp-json\/wp\/v2\/posts"}],"about":[{"href":"https:\/\/nublo.tv\/index.php\/wp-json\/wp\/v2\/types\/post"}],"author":[{"embeddable":true,"href":"https:\/\/nublo.tv\/index.php\/wp-json\/wp\/v2\/users\/1"}],"replies":[{"embeddable":true,"href":"https:\/\/nublo.tv\/index.php\/wp-json\/wp\/v2\/comments?post=5094"}],"version-history":[{"count":1,"href":"https:\/\/nublo.tv\/index.php\/wp-json\/wp\/v2\/posts\/5094\/revisions"}],"predecessor-version":[{"id":5100,"href":"https:\/\/nublo.tv\/index.php\/wp-json\/wp\/v2\/posts\/5094\/revisions\/5100"}],"wp:featuredmedia":[{"embeddable":true,"href":"https:\/\/nublo.tv\/index.php\/wp-json\/wp\/v2\/media\/5101"}],"wp:attachment":[{"href":"https:\/\/nublo.tv\/index.php\/wp-json\/wp\/v2\/media?parent=5094"}],"wp:term":[{"taxonomy":"category","embeddable":true,"href":"https:\/\/nublo.tv\/index.php\/wp-json\/wp\/v2\/categories?post=5094"},{"taxonomy":"post_tag","embeddable":true,"href":"https:\/\/nublo.tv\/index.php\/wp-json\/wp\/v2\/tags?post=5094"}],"curies":[{"name":"wp","href":"https:\/\/api.w.org\/{rel}","templated":true}]}}