{"id":5096,"date":"2026-08-24T09:03:11","date_gmt":"2026-08-24T08:03:11","guid":{"rendered":"https:\/\/nublo.tv\/?p=5096"},"modified":"2026-08-27T12:35:29","modified_gmt":"2026-08-27T11:35:29","slug":"un-millar-de-personas-han-disfrutado-de-la-9a-edicion-de-lpa-estacion-que-se-ha-despedido-este-domingo-con-surfing-y-un-taller-de-cochinilla-canaria","status":"publish","type":"post","link":"https:\/\/nublo.tv\/index.php\/2026\/08\/24\/un-millar-de-personas-han-disfrutado-de-la-9a-edicion-de-lpa-estacion-que-se-ha-despedido-este-domingo-con-surfing-y-un-taller-de-cochinilla-canaria\/","title":{"rendered":"Un millar de personas han disfrutado de la 9\u00aa edici\u00f3n de LPA Estaci\u00f3n que se ha despedido este domingo con surfing y un taller de cochinilla canaria"},"content":{"rendered":"<div class=\"image col-sm-6 pull-right\">\n<div class=\"saga-imagen \">\n\t\t<a href=\"\/export\/sites\/laspalmasgc\/.galleries\/imagenes-noticias-2026\/Concierto-de-boleros-LPA-Estacion-20260823.png\" title=\"Un millar de personas han disfrutado de la 9\u00aa edici\u00f3n de LPA Estaci\u00f3n que se ha despedido este domingo con surfing y un taller de cochinilla canaria\" class=\"wrapper-image zoom-filter \"><br \/>\n\t\t\t\t\t<span class=\"sr-only\">Ampliar imagen<\/span><\/p>\n<div class=\"overlay-zoom\">\n\t\t\t\t\t\t<img loading=\"lazy\" decoding=\"async\" class=\"img-responsive\" src=\"\/export\/sites\/laspalmasgc\/.galleries\/imagenes-noticias-2026\/Concierto-de-boleros-LPA-Estacion-20260823.png_513066471.png\" width=\"900\" height=\"600\" alt=\"Un millar de personas han disfrutado de la 9\u00aa edici\u00f3n de LPA Estaci\u00f3n que se ha despedido este domingo con surfing y un taller de cochinilla canaria\"><\/p>\n<div class=\"zoom-icon\">\n\t                    \t<span class=\"fa fa-search-plus\" aria-hidden=\"true\"><\/span>\n\t                    <\/div>\n<\/p><\/div>\n<p>\t\t\t\t<\/a>\n\t\t\t<\/div>\n<\/p><\/div>\n<div class=\"container-fluid\">\n<p>El evento, organizado por Turismo LPA del Ayuntamiento, ha propuesto 32 experiencias en 10 d\u00edas para sentir y conocer la capital desde otra perspectiva<\/p>\n<p>Las Palmas de Gran Canaria, domingo 23 de agosto de 2026. M\u00e1s de un millar de personas han disfrutado en agosto del evento Estaci\u00f3n Las Palmas de Gran Canaria &#8211; LPA Estaci\u00f3n, que ha cerrado este domingo su novena edici\u00f3n con el respaldo del p\u00fablico y las empresas de alojamiento y ocio tur\u00edstico. El balance tras 10 d\u00edas de actividades promoviendo una relaci\u00f3n activa con el entorno urbano, el patrimonio, la cultura y el litoral capitalino con actividades creativas y singulares anota una participaci\u00f3n muy alta con m\u00e1s del 90 % de las localidades agotadas.<\/p>\n<p>Hoteles, espacios urbanos y naturales, edificios hist\u00f3ricos y culturales, y equipamientos tur\u00edsticos, han sido los escenarios de un amplio programa de actividades que han mostrado al p\u00fablico local y visitante la diversidad de relatos que ofrece Las Palmas de Gran Canaria.\u00a0<\/p>\n<p>El concejal de Turismo, Pedro Quevedo, ha apuntado que \u201cel evento nos permite que nuestra gente disfrute de la ciudad de una manera diferente en pleno mes de agosto. Y, adem\u00e1s, la alta demanda registrada nos dice que \u00a0la propuesta que impulsamos hace unos a\u00f1os con motivo de la pandemia funciona y por ello seguiremos trabajando, apostando por ese di\u00e1logo necesario, turismo-ciudad\u201d.<\/p>\n<p>La novena edici\u00f3n del evento ha mantenido el esp\u00edritu diverso que caracteriza al evento con un atractivo abanico de propuestas culturales, art\u00edsticas, deportivas, familiares y enogastron\u00f3micas.\u00a0<\/p>\n<p>Entre las actividades destacadas de este a\u00f1o se encuentran las rutas culturales sobre la historia de la barriada de Guanarteme, la huella de los ingleses en la ciudad o un recorrido por los templos emblem\u00e1ticos de Vegueta. Asimismo, la literatura y el arte han tenido un espacio especial con la ruta \u00abLas mujeres de Gald\u00f3s: voces desde su ciudad natal\u00bb o el taller \u00abHistoria en cer\u00e1mica: los nombres de las calles de Vegueta\u00bb.<br \/>\u00a0\u00a0<br \/>La m\u00fasica en vivo ha sido otra de las grandes protagonistas con veladas tan sugerentes como el concierto crooner de Fasur, un concierto de Jazz o una noche de boleros.\u00a0<\/p>\n<p>En el apartado de bienestar y deporte, la agenda ha propuesto sesiones de meditaci\u00f3n, clases de barre y la sesi\u00f3n \u00abEl cuerpo y sus met\u00e1foras\u00bb, impartida en Espai Art Studio por el reconocido bailar\u00edn y core\u00f3grafo Daniel Abreu, Premio Nacional de Danza. \u00a0Adem\u00e1s, se han ofrecido experiencias \u00fanicas de vuelo en parapente y de creatividad como un taller de lettering o el arte de la t\u00e9cnica japonesa de te\u00f1ido shibori con cochinilla. \u00a0\u00a0<\/p>\n<p>La gastronom\u00eda y el producto local tambi\u00e9n han contado con un papel relevante a trav\u00e9s de talleres que invitan a descubrir los sabores del mundo con productos de Gran Canaria, aprender la elaboraci\u00f3n de pan de masa madre, un taller gastron\u00f3mico dedicado al Tuno Indio en la sede de la Orden del Cachorro Canario o disfrutar de una tarde de maridaje de vinos y quesos locales.\u00a0<\/p>\n<p>Las experiencias n\u00e1uticas y de naturaleza han vuelto a conectar a los participantes con el mar con paseos en velero al atardecer, traves\u00edas en kayak por Las Canteras, divertidas sesiones de \u00abPiraguarder\u00eda\u00bb en familia en Alcaravaneras, una jornada de iniciaci\u00f3n al surf en Las Canteras y un recorrido por la bah\u00eda para disfrutar desde el mar de la Vela Latina Canaria.\u00a0<\/p>\n<p>Por su parte, los m\u00e1s peque\u00f1os de la casa han contado con propuestas dise\u00f1adas especialmente para ellos, como la ruta \u00abLa ciudad escondida: en busca de sus animales\u00bb, en el Parque Doramas o las actividades de sensibilizaci\u00f3n ambiental en el espacio natural de El Confital. \u00a0<\/p>\n<p><a href=\"https:\/\/lpaestacion.com\/\" target=\"_blank\" rel=\"noopener\">https:\/\/lpaestacion.com\/<\/a><\/p>\n<\/div>\n","protected":false},"excerpt":{"rendered":"<p>Ampliar imagen El evento, organizado por Turismo LPA del Ayuntamiento, ha propuesto 32 experiencias en 10 d\u00edas para sentir y conocer la capital desde otra perspectiva Las Palmas de Gran&hellip;<\/p>\n","protected":false},"author":1,"featured_media":5099,"comment_status":"open","ping_status":"open","sticky":false,"template":"","format":"standard","meta":{"wpai_generated_summary":"","wpai_meta_description":"","footnotes":""},"categories":[132],"tags":[],"class_list":["post-5096","post","type-post","status-publish","format-standard","has-post-thumbnail","hentry","category-ayuntamiento-de-las-palmas-de-gran-canaria"],"_links":{"self":[{"href":"https:\/\/nublo.tv\/index.php\/wp-json\/wp\/v2\/posts\/5096","targetHints":{"allow":["GET"]}}],"collection":[{"href":"https:\/\/nublo.tv\/index.php\/wp-json\/wp\/v2\/posts"}],"about":[{"href":"https:\/\/nublo.tv\/index.php\/wp-json\/wp\/v2\/types\/post"}],"author":[{"embeddable":true,"href":"https:\/\/nublo.tv\/index.php\/wp-json\/wp\/v2\/users\/1"}],"replies":[{"embeddable":true,"href":"https:\/\/nublo.tv\/index.php\/wp-json\/wp\/v2\/comments?post=5096"}],"version-history":[{"count":1,"href":"https:\/\/nublo.tv\/index.php\/wp-json\/wp\/v2\/posts\/5096\/revisions"}],"predecessor-version":[{"id":5098,"href":"https:\/\/nublo.tv\/index.php\/wp-json\/wp\/v2\/posts\/5096\/revisions\/5098"}],"wp:featuredmedia":[{"embeddable":true,"href":"https:\/\/nublo.tv\/index.php\/wp-json\/wp\/v2\/media\/5099"}],"wp:attachment":[{"href":"https:\/\/nublo.tv\/index.php\/wp-json\/wp\/v2\/media?parent=5096"}],"wp:term":[{"taxonomy":"category","embeddable":true,"href":"https:\/\/nublo.tv\/index.php\/wp-json\/wp\/v2\/categories?post=5096"},{"taxonomy":"post_tag","embeddable":true,"href":"https:\/\/nublo.tv\/index.php\/wp-json\/wp\/v2\/tags?post=5096"}],"curies":[{"name":"wp","href":"https:\/\/api.w.org\/{rel}","templated":true}]}}