{"id":5109,"date":"2026-08-24T10:02:45","date_gmt":"2026-08-24T09:02:45","guid":{"rendered":"https:\/\/nublo.tv\/?p=5109"},"modified":"2026-08-27T12:35:29","modified_gmt":"2026-08-27T11:35:29","slug":"el-escultor-maximo-riol-dona-10-obras-y-tres-libros-al-museo-agaldar","status":"publish","type":"post","link":"https:\/\/nublo.tv\/index.php\/2026\/08\/24\/el-escultor-maximo-riol-dona-10-obras-y-tres-libros-al-museo-agaldar\/","title":{"rendered":"El escultor M\u00e1ximo Riol dona 10 obras y tres libros al Museo Ag\u00e1ldar"},"content":{"rendered":"<p>El Museo Ag\u00e1ldar de Historia de la Ciudad ha recibido la donaci\u00f3n de diez obras escult\u00f3ricas y de tres libros por parte de M\u00e1ximo Riol, Hijo Adoptivo de la Ciudad. Teodoro Sosa Monz\u00f3n, alcalde de la ciudad; Carlos Ruiz Moreno, concejal de Museos, y Miguel Bola\u00f1os, director del Museo Ag\u00e1ldar, estuvieron presentes en la firma del convenio mediante el que el reconocido escultor cede de forma definitiva estas obras para su conservaci\u00f3n y exhibici\u00f3n.<\/p>\n<p>La donaci\u00f3n est\u00e1 integrada por las obras Homenaje al peregrino I, Homenaje al peregrino II, Cuatro religiones, cuatro esculturas en la arquitectura, San Pedro M\u00e1rtir de Verona, Portada serie rom\u00e1nico, Rom\u00e1nico I, Rom\u00e1nico V, Proyecto altar mayor, Proyecto pila bautismal y Serie Catedrales, adem\u00e1s de tres libros dedicados a la trayectoria profesional del artista murciano y afincado en Telde. Todo este conjunto pasar\u00e1 a enriquecer los fondos del Museo Ag\u00e1ldar de Historia de la Ciudad.<\/p>\n<p>El alcalde de G\u00e1ldar, Teodoro Sosa, agradeci\u00f3 a M\u00e1ximo Riol \u00absu generosidad y el cari\u00f1o que siempre ha demostrado hacia G\u00e1ldar\u00bb. \u00abEs un orgullo que un creador de su prestigio contin\u00fae confiando en nuestra ciudad para preservar su legado. Estas obras pasan a formar parte del patrimonio de todos los galdenses y de quienes visitan nuestros espacios muse\u00edsticos\u00bb, se\u00f1al\u00f3.<\/p>\n<p>Esta nueva donaci\u00f3n se suma a las realizadas por M\u00e1ximo Riol en a\u00f1os anteriores, consolidando una estrecha colaboraci\u00f3n con el Ayuntamiento de G\u00e1ldar y reafirmando el compromiso compartido con la conservaci\u00f3n y difusi\u00f3n del patrimonio art\u00edstico. As\u00ed, en 2023 don\u00f3 seis bocetos de otras elaboraciones del escultor: el Padre Claret, que se encuentra en la Avenida Mar\u00edtima; y otras dedicadas a Monse\u00f1or Vicente Ferrer Guasch (en Ibiza), al Cristo de la Ascensi\u00f3n (un proyecto para la Iglesia de las Torres en Las Palmas de Gran Canaria), a los Hermanos de La Salle (en Ag\u00fcimes), a San Juan de Ortega (en Firgas), a Santo Toribio Alfonso de Mogrovejo y a Santa Rosa de Lima (en Mayorga de Campos, Valladolid, y con una copia id\u00e9ntica en Per\u00fa). Y en 2021 don\u00f3 la escultura \u2018Cristo\u2019 al Museo de Arte Sacro.<\/p>\n","protected":false},"excerpt":{"rendered":"<p>El Museo Ag\u00e1ldar de Historia de la Ciudad ha recibido la donaci\u00f3n de diez obras escult\u00f3ricas y de tres libros por parte de M\u00e1ximo Riol, Hijo Adoptivo de la Ciudad.&hellip;<\/p>\n","protected":false},"author":1,"featured_media":5114,"comment_status":"open","ping_status":"open","sticky":false,"template":"","format":"standard","meta":{"wpai_generated_summary":"","wpai_meta_description":"","footnotes":""},"categories":[129],"tags":[],"class_list":["post-5109","post","type-post","status-publish","format-standard","has-post-thumbnail","hentry","category-ayuntamiento-de-galdar"],"_links":{"self":[{"href":"https:\/\/nublo.tv\/index.php\/wp-json\/wp\/v2\/posts\/5109","targetHints":{"allow":["GET"]}}],"collection":[{"href":"https:\/\/nublo.tv\/index.php\/wp-json\/wp\/v2\/posts"}],"about":[{"href":"https:\/\/nublo.tv\/index.php\/wp-json\/wp\/v2\/types\/post"}],"author":[{"embeddable":true,"href":"https:\/\/nublo.tv\/index.php\/wp-json\/wp\/v2\/users\/1"}],"replies":[{"embeddable":true,"href":"https:\/\/nublo.tv\/index.php\/wp-json\/wp\/v2\/comments?post=5109"}],"version-history":[{"count":1,"href":"https:\/\/nublo.tv\/index.php\/wp-json\/wp\/v2\/posts\/5109\/revisions"}],"predecessor-version":[{"id":5113,"href":"https:\/\/nublo.tv\/index.php\/wp-json\/wp\/v2\/posts\/5109\/revisions\/5113"}],"wp:featuredmedia":[{"embeddable":true,"href":"https:\/\/nublo.tv\/index.php\/wp-json\/wp\/v2\/media\/5114"}],"wp:attachment":[{"href":"https:\/\/nublo.tv\/index.php\/wp-json\/wp\/v2\/media?parent=5109"}],"wp:term":[{"taxonomy":"category","embeddable":true,"href":"https:\/\/nublo.tv\/index.php\/wp-json\/wp\/v2\/categories?post=5109"},{"taxonomy":"post_tag","embeddable":true,"href":"https:\/\/nublo.tv\/index.php\/wp-json\/wp\/v2\/tags?post=5109"}],"curies":[{"name":"wp","href":"https:\/\/api.w.org\/{rel}","templated":true}]}}