{"id":5124,"date":"2026-08-24T12:02:38","date_gmt":"2026-08-24T11:02:38","guid":{"rendered":"https:\/\/nublo.tv\/?p=5124"},"modified":"2026-08-27T12:35:29","modified_gmt":"2026-08-27T11:35:29","slug":"fallece-juan-jose-mederos-pepe-juan-expresidente-de-la-asociacion-de-vecinos-el-bermejal-en-marmolejos","status":"publish","type":"post","link":"https:\/\/nublo.tv\/index.php\/2026\/08\/24\/fallece-juan-jose-mederos-pepe-juan-expresidente-de-la-asociacion-de-vecinos-el-bermejal-en-marmolejos\/","title":{"rendered":"Fallece Juan Jos\u00e9 Mederos, \u2018Pepe Juan\u2019, expresidente de la Asociaci\u00f3n de Vecinos El Bermejal, en Marmolejos"},"content":{"rendered":"<p>Juan Jos\u00e9 Mederos, conocido cari\u00f1osamente como \u2018Pepe Juan\u2019, ha fallecido dejando un profundo pesar entre sus familiares, amistades y vecinos, especialmente entre quienes compartieron con \u00e9l su compromiso y dedicaci\u00f3n a su barrio.<\/p>\n<p>Pepe Juan estuvo profundamente vinculado a la vida vecinal durante d\u00e9cadas. Form\u00f3 parte de la creaci\u00f3n de la Asociaci\u00f3n de Vecinos y de su junta directiva en el a\u00f1o 1979, siendo el socio n\u00famero 2 de la entidad.<\/p>\n<p>Entre sus numerosas aportaciones al desarrollo de su barrio destaca tambi\u00e9n su participaci\u00f3n en la construcci\u00f3n de la ermita de la Virgen de Lourdes, un espacio levantado gracias al esfuerzo f\u00edsico y econ\u00f3mico de los propios vecinos. Pepe Juan form\u00f3 parte de ese trabajo colectivo desde los primeros momentos, contribuyendo a hacer realidad un lugar que se convirti\u00f3 en un importante punto de encuentro para la comunidad.<\/p>\n<p>A\u00f1os m\u00e1s tarde, en 2014, asumi\u00f3 la presidencia de la Asociaci\u00f3n de Vecinos, responsabilidad que ejerci\u00f3 hasta 2017, manteniendo durante toda esa etapa una intensa colaboraci\u00f3n y compromiso con la entidad y con su barrio.<\/p>\n<p>Teodoro Sosa, alcalde del Ayuntamiento de G\u00e1ldar, ha expresado su m\u00e1s sentido pesar en nombre de la corporacion por el fallecimiento de una persona que ha sido un referente pero, sobre todo, una buena persona y un buen vecino.<\/p>\n<p>Pepe Juan deja el recuerdo de una persona estrechamente ligada a su barrio y a su movimiento vecinal, formando parte de una generaci\u00f3n de vecinos que, con su esfuerzo y participaci\u00f3n, contribuyeron a construir y mejorar sus barrios.<\/p>\n<p>Descanse en paz.<\/p>\n","protected":false},"excerpt":{"rendered":"<p>Juan Jos\u00e9 Mederos, conocido cari\u00f1osamente como \u2018Pepe Juan\u2019, ha fallecido dejando un profundo pesar entre sus familiares, amistades y vecinos, especialmente entre quienes compartieron con \u00e9l su compromiso y dedicaci\u00f3n&hellip;<\/p>\n","protected":false},"author":1,"featured_media":5133,"comment_status":"open","ping_status":"open","sticky":false,"template":"","format":"standard","meta":{"wpai_generated_summary":"","wpai_meta_description":"","footnotes":""},"categories":[129],"tags":[],"class_list":["post-5124","post","type-post","status-publish","format-standard","has-post-thumbnail","hentry","category-ayuntamiento-de-galdar"],"_links":{"self":[{"href":"https:\/\/nublo.tv\/index.php\/wp-json\/wp\/v2\/posts\/5124","targetHints":{"allow":["GET"]}}],"collection":[{"href":"https:\/\/nublo.tv\/index.php\/wp-json\/wp\/v2\/posts"}],"about":[{"href":"https:\/\/nublo.tv\/index.php\/wp-json\/wp\/v2\/types\/post"}],"author":[{"embeddable":true,"href":"https:\/\/nublo.tv\/index.php\/wp-json\/wp\/v2\/users\/1"}],"replies":[{"embeddable":true,"href":"https:\/\/nublo.tv\/index.php\/wp-json\/wp\/v2\/comments?post=5124"}],"version-history":[{"count":1,"href":"https:\/\/nublo.tv\/index.php\/wp-json\/wp\/v2\/posts\/5124\/revisions"}],"predecessor-version":[{"id":5132,"href":"https:\/\/nublo.tv\/index.php\/wp-json\/wp\/v2\/posts\/5124\/revisions\/5132"}],"wp:featuredmedia":[{"embeddable":true,"href":"https:\/\/nublo.tv\/index.php\/wp-json\/wp\/v2\/media\/5133"}],"wp:attachment":[{"href":"https:\/\/nublo.tv\/index.php\/wp-json\/wp\/v2\/media?parent=5124"}],"wp:term":[{"taxonomy":"category","embeddable":true,"href":"https:\/\/nublo.tv\/index.php\/wp-json\/wp\/v2\/categories?post=5124"},{"taxonomy":"post_tag","embeddable":true,"href":"https:\/\/nublo.tv\/index.php\/wp-json\/wp\/v2\/tags?post=5124"}],"curies":[{"name":"wp","href":"https:\/\/api.w.org\/{rel}","templated":true}]}}