{"id":5126,"date":"2026-08-24T12:02:49","date_gmt":"2026-08-24T11:02:49","guid":{"rendered":"https:\/\/nublo.tv\/?p=5126"},"modified":"2026-08-27T12:35:29","modified_gmt":"2026-08-27T11:35:29","slug":"el-ayuntamiento-avanza-en-la-estabilizacion-del-muro-del-paseo-de-chil-tras-invertir-mas-de-un-millon-de-euros","status":"publish","type":"post","link":"https:\/\/nublo.tv\/index.php\/2026\/08\/24\/el-ayuntamiento-avanza-en-la-estabilizacion-del-muro-del-paseo-de-chil-tras-invertir-mas-de-un-millon-de-euros\/","title":{"rendered":"El Ayuntamiento avanza en la estabilizaci\u00f3n del muro del Paseo de Chil tras invertir m\u00e1s de un mill\u00f3n de euros"},"content":{"rendered":"<div class=\"image col-sm-6 pull-right\">\n<div class=\"saga-imagen \">\n\t\t<a href=\"\/export\/sites\/laspalmasgc\/.galleries\/imagenes-noticias-2026\/La-alcaldesa-de-Las-Palmas-de-Gran-Canaria-Carolina-Darias-junto-al-concejal-de-Vias-y-Obras-durante-la-visita-a-las-obras-del-muro-del-Paseo-de-Chil-20260824.png\" title=\"El Ayuntamiento avanza en la estabilizaci\u00f3n del muro del Paseo de Chil tras invertir m\u00e1s de un mill\u00f3n de euros\" class=\"wrapper-image zoom-filter \"><br \/>\n\t\t\t\t\t<span class=\"sr-only\">Ampliar imagen<\/span><\/p>\n<div class=\"overlay-zoom\">\n\t\t\t\t\t\t<img loading=\"lazy\" decoding=\"async\" class=\"img-responsive\" src=\"\/export\/sites\/laspalmasgc\/.galleries\/imagenes-noticias-2026\/La-alcaldesa-de-Las-Palmas-de-Gran-Canaria-Carolina-Darias-junto-al-concejal-de-Vias-y-Obras-durante-la-visita-a-las-obras-del-muro-del-Paseo-de-Chil-20260824.png_513066471.png\" width=\"900\" height=\"600\" alt=\"El Ayuntamiento avanza en la estabilizaci\u00f3n del muro del Paseo de Chil tras invertir m\u00e1s de un mill\u00f3n de euros\"><\/p>\n<div class=\"zoom-icon\">\n\t                    \t<span class=\"fa fa-search-plus\" aria-hidden=\"true\"><\/span>\n\t                    <\/div>\n<\/p><\/div>\n<p>\t\t\t\t<\/a>\n\t\t\t<\/div>\n<\/p><\/div>\n<div class=\"container-fluid\">\n<p>Las Palmas de Gran Canaria, 24 de agosto de 2026. La alcaldesa de Las Palmas de Gran Canaria, Carolina Darias, acompa\u00f1ada por el concejal de V\u00edas y Obras y Alumbrado, Carlos D\u00edaz, ha visitado este lunes las obras que el Ayuntamiento est\u00e1 ejecutando en el muro del Paseo de Chil, a la altura del parque Doramas, con una inversi\u00f3n de m\u00e1s de un mill\u00f3n de euros.<br \/>La actuaci\u00f3n se desarrolla sobre un tramo de aproximadamente 50 metros, comprendido entre las escaleras del monumento a Fernando Le\u00f3n y Castillo y el Colegio Hispano Ingl\u00e9s, y tiene como objetivo garantizar la estabilidad del muro y del terreno, as\u00ed como mejorar las condiciones de seguridad de este entorno.<br \/>Los trabajos contemplan la realizaci\u00f3n de una nueva estructura de contenci\u00f3n tras el muro existente, que permitir\u00e1 reforzar el conjunto y garantizar su estabilidad. Una vez instalada, se proceder\u00e1 al desmontaje manual del muro actual, retirando sus piezas una a una para conservar la piedra original y reutilizarla posteriormente en el revestimiento de la nueva estructura.<br \/>De esta forma, la intervenci\u00f3n permitir\u00e1 mantener la imagen actual del muro y preservar los elementos de piedra que lo conforman, integrando la nueva soluci\u00f3n constructiva en el entorno del Paseo de Chil.<br \/>La actuaci\u00f3n incluye tambi\u00e9n la mejora del sistema de drenaje, con el objetivo de favorecer la correcta evacuaci\u00f3n del agua y evitar su acumulaci\u00f3n en el terreno, contribuyendo as\u00ed a reforzar la estabilidad de la zona.<\/p>\n<\/div>\n","protected":false},"excerpt":{"rendered":"<p>Ampliar imagen Las Palmas de Gran Canaria, 24 de agosto de 2026. La alcaldesa de Las Palmas de Gran Canaria, Carolina Darias, acompa\u00f1ada por el concejal de V\u00edas y Obras&hellip;<\/p>\n","protected":false},"author":1,"featured_media":5137,"comment_status":"open","ping_status":"open","sticky":false,"template":"","format":"standard","meta":{"wpai_generated_summary":"","wpai_meta_description":"","footnotes":""},"categories":[132],"tags":[],"class_list":["post-5126","post","type-post","status-publish","format-standard","has-post-thumbnail","hentry","category-ayuntamiento-de-las-palmas-de-gran-canaria"],"_links":{"self":[{"href":"https:\/\/nublo.tv\/index.php\/wp-json\/wp\/v2\/posts\/5126","targetHints":{"allow":["GET"]}}],"collection":[{"href":"https:\/\/nublo.tv\/index.php\/wp-json\/wp\/v2\/posts"}],"about":[{"href":"https:\/\/nublo.tv\/index.php\/wp-json\/wp\/v2\/types\/post"}],"author":[{"embeddable":true,"href":"https:\/\/nublo.tv\/index.php\/wp-json\/wp\/v2\/users\/1"}],"replies":[{"embeddable":true,"href":"https:\/\/nublo.tv\/index.php\/wp-json\/wp\/v2\/comments?post=5126"}],"version-history":[{"count":1,"href":"https:\/\/nublo.tv\/index.php\/wp-json\/wp\/v2\/posts\/5126\/revisions"}],"predecessor-version":[{"id":5136,"href":"https:\/\/nublo.tv\/index.php\/wp-json\/wp\/v2\/posts\/5126\/revisions\/5136"}],"wp:featuredmedia":[{"embeddable":true,"href":"https:\/\/nublo.tv\/index.php\/wp-json\/wp\/v2\/media\/5137"}],"wp:attachment":[{"href":"https:\/\/nublo.tv\/index.php\/wp-json\/wp\/v2\/media?parent=5126"}],"wp:term":[{"taxonomy":"category","embeddable":true,"href":"https:\/\/nublo.tv\/index.php\/wp-json\/wp\/v2\/categories?post=5126"},{"taxonomy":"post_tag","embeddable":true,"href":"https:\/\/nublo.tv\/index.php\/wp-json\/wp\/v2\/tags?post=5126"}],"curies":[{"name":"wp","href":"https:\/\/api.w.org\/{rel}","templated":true}]}}