{"id":5128,"date":"2026-08-24T12:02:44","date_gmt":"2026-08-24T11:02:44","guid":{"rendered":"https:\/\/nublo.tv\/?p=5128"},"modified":"2026-08-29T08:57:49","modified_gmt":"2026-08-29T07:57:49","slug":"santa-brigida-refuerza-la-seguridad-vial-en-distintos-puntos-del-municipio","status":"publish","type":"post","link":"https:\/\/nublo.tv\/index.php\/2026\/08\/24\/santa-brigida-refuerza-la-seguridad-vial-en-distintos-puntos-del-municipio\/","title":{"rendered":"Santa Br\u00edgida refuerza la seguridad vial en distintos puntos del municipio"},"content":{"rendered":"<p><strong>El Ayuntamiento de Santa Br\u00edgida<\/strong>, a trav\u00e9s de la <strong>Concejal\u00eda de Seguridad y Tr\u00e1fico<\/strong> que dirige <strong>Adri\u00e1n Camacho,<\/strong> ha desarrollado durante los meses de julio y agosto un conjunto de actuaciones destinadas a reforzar la seguridad vial y mejorar la circulaci\u00f3n en varios puntos de la red viaria municipal. Los trabajos han permitido se\u00f1alizar elementos afectados por los recientes temporales, reforzar la protecci\u00f3n en tramos de riesgo, ordenar el estacionamiento, mejorar la se\u00f1alizaci\u00f3n y a\u00f1adir elementos de seguridad.<\/p>\n<p>A estas actuaciones se suma el trabajo desarrollado de forma continuada a trav\u00e9s del <strong>contrato de conservaci\u00f3n y mantenimiento de la se\u00f1alizaci\u00f3n y seguridad vial<\/strong>, actualmente en vigor, que desde mayo de 2024 ha permitido acometer una intervenci\u00f3n de mayor alcance en la red viaria municipal.<\/p>\n<p>En este periodo se han renovado <strong>15 kil\u00f3metros de l\u00edneas blancas<\/strong>, l\u00edneas de detenci\u00f3n, pasos de peatones y <strong>m\u00e1s de 700 marcas viales<\/strong>, entre ellas se\u00f1ales horizontales de STOP y ceda el paso, limitaciones de velocidad, isletas, flechas direccionales, letras viales y marcas especiales de color destinadas a contribuir al calmado del tr\u00e1fico. En cuanto a la se\u00f1alizaci\u00f3n vertical, se han instalado o rehabilitado <strong>m\u00e1s de 350 se\u00f1ales<\/strong> de diferentes tipos, entre ellas se\u00f1ales de peligro, informativas y prohibitivas. A estas actuaciones se suman alrededor de <strong>200 balizas <\/strong>se\u00f1alizadoras,<strong> 175 captafaros<\/strong>, as\u00ed como aproximadamente <strong>150 metros de barrera met\u00e1lica de seguridad<\/strong> y la instalaci\u00f3n de <strong>bandas reductoras de velocidad<\/strong> en distintos puntos.<\/p>\n<p>El concejal de Seguridad y Tr\u00e1fico destaca que \u201cla seguridad vial requiere una actuaci\u00f3n constante, no se limita a intervenir \u00fanicamente cuando aparece un problema, incorporando adem\u00e1s las demandas que nos trasladan <strong>los propios vecinos<\/strong> <strong>y vecinas <\/strong>y las <strong>recomendaciones de la Polic\u00eda Local<\/strong>\u201d.<\/p>\n<p>Entre las actuaciones m\u00e1s recientes se encuentra la intervenci\u00f3n en la <strong>Plaza Do\u00f1a Luisa y Camino Cuesta Blanca<\/strong>, donde se ha procedido a ordenar y se\u00f1alizar un cruce que carec\u00eda de una organizaci\u00f3n vial adecuada. Los trabajos han incluido nuevas marcas sobre el firme y la colocaci\u00f3n de se\u00f1alizaci\u00f3n vertical para mejorar la circulaci\u00f3n y establecer con mayor claridad las prioridades de paso.<\/p>\n<figure class=\"wp-block-image size-large\"><a href=\"https:\/\/www.santabrigida.es\/wp-content\/uploads\/2026\/08\/WhatsApp-Image-2026-07-08-at-14.08.30.jpeg\"><img loading=\"lazy\" decoding=\"async\" width=\"1024\" height=\"1024\" src=\"https:\/\/www.santabrigida.es\/wp-content\/uploads\/2026\/08\/WhatsApp-Image-2026-07-08-at-14.08.30-1024x1024.jpeg\" alt=\"\" class=\"wp-image-46539\" \/><\/a><\/figure>\n<\/p>\n<p>A propuesta de la <strong>Polic\u00eda Local<\/strong>, se ha intervenido en el <strong>Camino al Monasterio Benedictino<\/strong>, donde se han colocado se\u00f1ales de prohibido estacionar en determinados puntos especialmente estrechos. Tambi\u00e9n se ha instalado un cartel destinado a facilitar las maniobras y los giros de los veh\u00edculos, evitando que el estacionamiento inadecuado pueda provocar dificultades de circulaci\u00f3n.<\/p>\n<p>En el <strong>Camino La Vinagrera<\/strong>, una vez finalizados los trabajos realizados en el muro de contenci\u00f3n, se procedi\u00f3 al pintado y delimitaci\u00f3n de las plazas de aparcamiento vecinales, con el objetivo de ordenar el estacionamiento y facilitar la circulaci\u00f3n.<\/p>\n<p>En <strong>Camino Los Alemanes y Hoya Chiquita<\/strong>, las actuaciones han respondido directamente a demandas planteadas por los vecinos y vecinas. En Los Alemanes se ha creado una prohibicion de estacionamiento, mientras que en Hoya Chiquita se han repuesto las se\u00f1ales deterioradas que establecen el l\u00edmite de peso de los veh\u00edculos autorizados a circular por la v\u00eda.<\/p>\n<p>En Pino Santo Alto, <strong>en el Pil\u00f3n<\/strong>, se instalaron barreras met\u00e1licas de seguridad (bionda). En la zona de<strong> Las Laderas<\/strong> se se\u00f1aliz\u00f3 el borde de la carretera, que hab\u00eda sufrido grietas y hundimientos, se instalaron hitos flexibles de color amarillo y se reforz\u00f3 la advertencia mediante pintura sobre la calzada. En la <strong>Carretera de La Caldera <\/strong>se ha instalar\u00e1 en breve una barrera met\u00e1lica de seguridad en una curva cerrada hacia la izquierda para reducir el riesgo de salidas de v\u00eda. <\/p>\n<p>Tambi\u00e9n se ha actuado en la <strong>Carretera El Guanche<\/strong>, donde las lluvias provocaron da\u00f1os en el muro y en la ladera que sustentan la carretera. Mientras se redacta el proyecto t\u00e9cnico para abordar la reconstrucci\u00f3n definitiva, el Ayuntamiento ha adoptado medidas provisionales de protecci\u00f3n mediante la se\u00f1alizaci\u00f3n y balizamiento de la zona afectada con pintura amarilla.<\/p>\n<p>El Ayuntamiento contin\u00faa trabajando en la identificaci\u00f3n y correcci\u00f3n de aquellos puntos de la red viaria municipal que requieren mejoras de se\u00f1alizaci\u00f3n, protecci\u00f3n, ordenaci\u00f3n o conservaci\u00f3n.<\/p>\n<p>santabrigida.es\u00bb>Ayuntamiento de la Villa de Santa Br\u00edgida<\/a>.<\/p>\n","protected":false},"excerpt":{"rendered":"<p>El Ayuntamiento de Santa Br\u00edgida, a trav\u00e9s de la Concejal\u00eda de Seguridad y Tr\u00e1fico que dirige Adri\u00e1n Camacho, ha desarrollado durante los meses de julio y agosto un conjunto de&hellip;<\/p>\n","protected":false},"author":1,"featured_media":5135,"comment_status":"open","ping_status":"open","sticky":false,"template":"","format":"standard","meta":{"wpai_generated_summary":"","wpai_meta_description":"","footnotes":""},"categories":[136],"tags":[],"class_list":["post-5128","post","type-post","status-publish","format-standard","has-post-thumbnail","hentry","category-ayuntamiento-de-santa-brigida"],"_links":{"self":[{"href":"https:\/\/nublo.tv\/index.php\/wp-json\/wp\/v2\/posts\/5128","targetHints":{"allow":["GET"]}}],"collection":[{"href":"https:\/\/nublo.tv\/index.php\/wp-json\/wp\/v2\/posts"}],"about":[{"href":"https:\/\/nublo.tv\/index.php\/wp-json\/wp\/v2\/types\/post"}],"author":[{"embeddable":true,"href":"https:\/\/nublo.tv\/index.php\/wp-json\/wp\/v2\/users\/1"}],"replies":[{"embeddable":true,"href":"https:\/\/nublo.tv\/index.php\/wp-json\/wp\/v2\/comments?post=5128"}],"version-history":[{"count":2,"href":"https:\/\/nublo.tv\/index.php\/wp-json\/wp\/v2\/posts\/5128\/revisions"}],"predecessor-version":[{"id":18146,"href":"https:\/\/nublo.tv\/index.php\/wp-json\/wp\/v2\/posts\/5128\/revisions\/18146"}],"wp:featuredmedia":[{"embeddable":true,"href":"https:\/\/nublo.tv\/index.php\/wp-json\/wp\/v2\/media\/5135"}],"wp:attachment":[{"href":"https:\/\/nublo.tv\/index.php\/wp-json\/wp\/v2\/media?parent=5128"}],"wp:term":[{"taxonomy":"category","embeddable":true,"href":"https:\/\/nublo.tv\/index.php\/wp-json\/wp\/v2\/categories?post=5128"},{"taxonomy":"post_tag","embeddable":true,"href":"https:\/\/nublo.tv\/index.php\/wp-json\/wp\/v2\/tags?post=5128"}],"curies":[{"name":"wp","href":"https:\/\/api.w.org\/{rel}","templated":true}]}}