{"id":5144,"date":"2026-08-24T13:06:37","date_gmt":"2026-08-24T12:06:37","guid":{"rendered":"https:\/\/nublo.tv\/?p=5144"},"modified":"2026-08-29T08:57:49","modified_gmt":"2026-08-29T07:57:49","slug":"feria-de-ganado-fiestas-del-socorro-2026","status":"publish","type":"post","link":"https:\/\/nublo.tv\/index.php\/2026\/08\/24\/feria-de-ganado-fiestas-del-socorro-2026\/","title":{"rendered":"Feria de Ganado, Fiestas del Socorro 2026"},"content":{"rendered":"<div class=\"et_pb_section et_pb_section_0 et_section_regular\">\n<div class=\"et_pb_row et_pb_row_0\">\n<div class=\"et_pb_column et_pb_column_2_3 et_pb_column_0  et_pb_css_mix_blend_mode_passthrough\">\n<div class=\"et_pb_module et_pb_text et_pb_text_0  et_pb_text_align_justified et_pb_bg_layout_light\">\n<div class=\"et_pb_text_inner\">\n<p>El pr\u00f3ximo s\u00e1bado 12 de septiembre, <strong>Gran Feria de Ganado<\/strong> de las <strong>Fiestas en Honor a la Virgen del Socorro, Tejeda.<\/strong> Invitamos a todos los vecinos, vecinas y visitantes, animamos a participar a los ganaderos\/as, tanto del municipio como del resto de la isla, recordamos que han de respetar la normativa y todos los animales han de tener su n\u00famero de crotal, as\u00ed como han de disponer la documentaci\u00f3n para identificaci\u00f3n (DNI) en orden.<\/p>\n<p>Informaci\u00f3n de premios:<\/p>\n<\/div><\/div>\n<div class=\"et_pb_module et_pb_image et_pb_image_0\">\n<p>\t\t\t\t<a href=\"https:\/\/tejeda.eu\/feriaganado_fiestasdelsocorro2026\/\" target=\"_blank\"><span class=\"et_pb_image_wrap \"><img loading=\"lazy\" decoding=\"async\" width=\"1810\" height=\"2560\" src=\"https:\/\/tejeda.eu\/wp-content\/uploads\/2026\/08\/FeriaGanado_FiestasDelSocorro2026-scaled.jpg\" alt=\"\" title=\"Feria de Ganado, Fiestas del Socorro 2026\" class=\"wp-image-32551\" \/><\/span><\/a>\n\t\t\t<\/div>\n<\/p><\/div>\n<div class=\"et_pb_column et_pb_column_1_3 et_pb_column_1  et_pb_css_mix_blend_mode_passthrough et-last-child\">\n<div class=\"et_pb_module et_pb_image et_pb_image_1\">\n<p>\t\t\t\t<a href=\"https:\/\/tejeda.eu\/wp-content\/uploads\/2026\/08\/FeriaGanado_FiestasDelSocorro2026WEB.png\" class=\"et_pb_lightbox_image\" title=\"\"><span class=\"et_pb_image_wrap \"><img loading=\"lazy\" decoding=\"async\" width=\"815\" height=\"1200\" src=\"https:\/\/tejeda.eu\/wp-content\/uploads\/2026\/08\/FeriaGanado_FiestasDelSocorro2026WEB.png\" alt=\"\" title=\"Feria de Ganado, Fiestas del Socorro 2026\" class=\"wp-image-32549\" \/><\/span><\/a>\n\t\t\t<\/div>\n<div class=\"et_pb_button_module_wrapper et_pb_button_0_wrapper et_pb_button_alignment_center et_pb_module \">\n\t\t\t\t<a class=\"et_pb_button et_pb_button_0 et_pb_bg_layout_light\" href=\"https:\/\/tejeda.eu\/programa-de-fiestas-en-honor-a-nuestra-senora-del-socorro-tejeda-2026\/\">Programa Festas del Socorro 2026<\/a>\n\t\t\t<\/div>\n<div class=\"et_pb_button_module_wrapper et_pb_button_1_wrapper et_pb_button_alignment_center et_pb_module \">\n\t\t\t\t<a class=\"et_pb_button et_pb_button_1 et_pb_bg_layout_light\" href=\"https:\/\/tejeda.eu\/feriaganado_fiestasdelsocorro2026\/\" target=\"_blank\">Listado de premios (PDF)<\/a>\n\t\t\t<\/div>\n<\/p><\/div>\n<\/p><\/div>\n<\/p><\/div>\n<p>eu\u00bb>Ayuntamiento de Tejeda<\/a>.<\/p>\n","protected":false},"excerpt":{"rendered":"<p>El pr\u00f3ximo s\u00e1bado 12 de septiembre, Gran Feria de Ganado de las Fiestas en Honor a la Virgen del Socorro, Tejeda. Invitamos a todos los vecinos, vecinas y visitantes, animamos&hellip;<\/p>\n","protected":false},"author":1,"featured_media":5148,"comment_status":"open","ping_status":"open","sticky":false,"template":"","format":"standard","meta":{"wpai_generated_summary":"","wpai_meta_description":"","footnotes":""},"categories":[139],"tags":[],"class_list":["post-5144","post","type-post","status-publish","format-standard","has-post-thumbnail","hentry","category-ayuntamiento-de-tejeda"],"_links":{"self":[{"href":"https:\/\/nublo.tv\/index.php\/wp-json\/wp\/v2\/posts\/5144","targetHints":{"allow":["GET"]}}],"collection":[{"href":"https:\/\/nublo.tv\/index.php\/wp-json\/wp\/v2\/posts"}],"about":[{"href":"https:\/\/nublo.tv\/index.php\/wp-json\/wp\/v2\/types\/post"}],"author":[{"embeddable":true,"href":"https:\/\/nublo.tv\/index.php\/wp-json\/wp\/v2\/users\/1"}],"replies":[{"embeddable":true,"href":"https:\/\/nublo.tv\/index.php\/wp-json\/wp\/v2\/comments?post=5144"}],"version-history":[{"count":2,"href":"https:\/\/nublo.tv\/index.php\/wp-json\/wp\/v2\/posts\/5144\/revisions"}],"predecessor-version":[{"id":18147,"href":"https:\/\/nublo.tv\/index.php\/wp-json\/wp\/v2\/posts\/5144\/revisions\/18147"}],"wp:featuredmedia":[{"embeddable":true,"href":"https:\/\/nublo.tv\/index.php\/wp-json\/wp\/v2\/media\/5148"}],"wp:attachment":[{"href":"https:\/\/nublo.tv\/index.php\/wp-json\/wp\/v2\/media?parent=5144"}],"wp:term":[{"taxonomy":"category","embeddable":true,"href":"https:\/\/nublo.tv\/index.php\/wp-json\/wp\/v2\/categories?post=5144"},{"taxonomy":"post_tag","embeddable":true,"href":"https:\/\/nublo.tv\/index.php\/wp-json\/wp\/v2\/tags?post=5144"}],"curies":[{"name":"wp","href":"https:\/\/api.w.org\/{rel}","templated":true}]}}