{"id":5151,"date":"2026-08-24T14:14:42","date_gmt":"2026-08-24T13:14:42","guid":{"rendered":"https:\/\/nublo.tv\/?p=5151"},"modified":"2026-08-27T12:35:29","modified_gmt":"2026-08-27T11:35:29","slug":"la-aldea-de-san-nicolas-fomenta-la-tradicion-de-las-rondas-y-serenatas-durante-las-fiestas-de-san-nicolas-de-tolentino-2026","status":"publish","type":"post","link":"https:\/\/nublo.tv\/index.php\/2026\/08\/24\/la-aldea-de-san-nicolas-fomenta-la-tradicion-de-las-rondas-y-serenatas-durante-las-fiestas-de-san-nicolas-de-tolentino-2026\/","title":{"rendered":"La Aldea de San Nicol\u00e1s fomenta la tradici\u00f3n de las rondas y serenatas durante las Fiestas de San Nicol\u00e1s de Tolentino 2026"},"content":{"rendered":"<p><span style=\"font-weight: 400\">El Ayuntamiento de La Aldea de San Nicol\u00e1s ha presentado este lunes la Noche de Rondas y Serenatas, una de las propuestas incluidas en el programa de las Fiestas Patronales de San Nicol\u00e1s de Tolentino 2026, que se celebrar\u00e1 el pr\u00f3ximo viernes 28 de agosto, a partir de las 23:30 horas, por diferentes calles del casco del municipio junto a la Parranda Alisios.<\/span><\/p>\n<p><span style=\"font-weight: 400\">El alcalde de La Aldea de San Nicol\u00e1s, Pedro Su\u00e1rez, y la concejala de Patrimonio Hist\u00f3rico, Ingrid Navarro, junto al autor intelectual del evento, Cristian P\u00e9rez, han dado a conocer los detalles de una iniciativa que pone en valor una tradici\u00f3n vinculada a la m\u00fasica, la convivencia y la participaci\u00f3n de la ciudadan\u00eda, invitando a vecinos y vecinas a sumarse desde sus casas y a acompa\u00f1ar a los m\u00fasicos durante el recorrido. Al acto de presentaci\u00f3n tambi\u00e9n ha acudido la concejala de Fiestas Populares y Festejos, Leandra Delgado.<\/span><\/p>\n<p><span style=\"font-weight: 400\">La Noche de Rondas y Serenatas contar\u00e1 con un recorrido oficial por el casco hist\u00f3rico del municipio, con salida y final en diferentes puntos de las calles del centro, y con paradas de avituallamiento en el Centro Municipal de Cultura y en la trasera del Ayuntamiento de La Aldea. El itinerario discurrir\u00e1 por calles como Calle Real, Calle Mariano de C\u00e1ceres, Calle Carmita Afonso y Calle Cervantes, siguiendo el recorrido establecido por la organizaci\u00f3n.<\/span><\/p>\n<p><span style=\"font-weight: 400\">La propuesta busca que la ciudadan\u00eda no sea \u00fanicamente espectadora, sino que participe activamente en esta celebraci\u00f3n. Para ello, desde la organizaci\u00f3n se anima a acudir con ganas de disfrutar, participar en los coros y estribillos, acompa\u00f1ar a los m\u00fasicos durante el recorrido y, especialmente, embellecer el evento desde las viviendas, colocando faroles encendidos en balcones, ventanas o azoteas y acompa\u00f1ando las interpretaciones con aplausos y muestras de reconocimiento.<\/span><\/p>\n<p><span style=\"font-weight: 400\">Asimismo, se invita a familiares, amigos y vecinos a participar desde sus casas y a realizar, en la medida de lo posible, peticiones musicales o dedicatorias a la parranda. La organizaci\u00f3n recuerda tambi\u00e9n la importancia de respetar a los m\u00fasicos durante sus interpretaciones, evitar ruidos innecesarios y seguir las indicaciones de la direcci\u00f3n musical para contribuir al buen desarrollo de la actividad.<\/span><\/p>\n<p><span style=\"font-weight: 400\">\u201cQueremos recuperar el esp\u00edritu de las rondas y serenatas como una forma de compartir nuestra m\u00fasica, nuestras calles y nuestras tradiciones\u201d, ha se\u00f1alado el alcalde Pedro Su\u00e1rez, quien ha destacado que \u201cesta iniciativa nos permite disfrutar de nuestras fiestas de una manera diferente, llevando la m\u00fasica directamente a nuestros barrios y haciendo que los vecinos y vecinas sean tambi\u00e9n protagonistas de la celebraci\u00f3n\u201d.<\/span><\/p>\n<p><span style=\"font-weight: 400\">Por su parte, la concejala de Patrimonio Hist\u00f3rico, Ingrid Navarro, ha puesto en valor que \u201clas rondas forman parte de una manera de entender la cultura y la convivencia que debemos seguir transmitiendo a las nuevas generaciones\u201d, recalcando que \u201cse trata de una cita obligada para el reencuentro de los aldeanos y aldeanas que regresan por estas fechas, para quienes vivimos aqu\u00ed todo el a\u00f1o y para quienes nos visitan\u201d.<\/span><\/p>\n<p><span style=\"font-weight: 400\">La Noche de Rondas y Serenatas se consolida as\u00ed dentro la programaci\u00f3n de las Fiestas Patronales de San Nicol\u00e1s de Tolentino 2026, reforzando el car\u00e1cter cultural y participativo de unas celebraciones que buscan mantener vivas las tradiciones del municipio y generar espacios de encuentro entre generaciones.<\/span><\/p>\n","protected":false},"excerpt":{"rendered":"<p>El Ayuntamiento de La Aldea de San Nicol\u00e1s ha presentado este lunes la Noche de Rondas y Serenatas, una de las propuestas incluidas en el programa de las Fiestas Patronales&hellip;<\/p>\n","protected":false},"author":1,"featured_media":5157,"comment_status":"open","ping_status":"open","sticky":false,"template":"","format":"standard","meta":{"wpai_generated_summary":"","wpai_meta_description":"","footnotes":""},"categories":[131],"tags":[],"class_list":["post-5151","post","type-post","status-publish","format-standard","has-post-thumbnail","hentry","category-ayuntamiento-de-la-aldea-de-san-nicolas"],"_links":{"self":[{"href":"https:\/\/nublo.tv\/index.php\/wp-json\/wp\/v2\/posts\/5151","targetHints":{"allow":["GET"]}}],"collection":[{"href":"https:\/\/nublo.tv\/index.php\/wp-json\/wp\/v2\/posts"}],"about":[{"href":"https:\/\/nublo.tv\/index.php\/wp-json\/wp\/v2\/types\/post"}],"author":[{"embeddable":true,"href":"https:\/\/nublo.tv\/index.php\/wp-json\/wp\/v2\/users\/1"}],"replies":[{"embeddable":true,"href":"https:\/\/nublo.tv\/index.php\/wp-json\/wp\/v2\/comments?post=5151"}],"version-history":[{"count":1,"href":"https:\/\/nublo.tv\/index.php\/wp-json\/wp\/v2\/posts\/5151\/revisions"}],"predecessor-version":[{"id":5156,"href":"https:\/\/nublo.tv\/index.php\/wp-json\/wp\/v2\/posts\/5151\/revisions\/5156"}],"wp:featuredmedia":[{"embeddable":true,"href":"https:\/\/nublo.tv\/index.php\/wp-json\/wp\/v2\/media\/5157"}],"wp:attachment":[{"href":"https:\/\/nublo.tv\/index.php\/wp-json\/wp\/v2\/media?parent=5151"}],"wp:term":[{"taxonomy":"category","embeddable":true,"href":"https:\/\/nublo.tv\/index.php\/wp-json\/wp\/v2\/categories?post=5151"},{"taxonomy":"post_tag","embeddable":true,"href":"https:\/\/nublo.tv\/index.php\/wp-json\/wp\/v2\/tags?post=5151"}],"curies":[{"name":"wp","href":"https:\/\/api.w.org\/{rel}","templated":true}]}}