{"id":5153,"date":"2026-08-24T14:14:48","date_gmt":"2026-08-24T13:14:48","guid":{"rendered":"https:\/\/nublo.tv\/?p=5153"},"modified":"2026-08-27T12:35:29","modified_gmt":"2026-08-27T11:35:29","slug":"las-rehoyas-disfruto-este-pasado-fin-de-semana-de-verano-en-tu-barrio-con-actividades-infantiles-pasacalles-y-verbena","status":"publish","type":"post","link":"https:\/\/nublo.tv\/index.php\/2026\/08\/24\/las-rehoyas-disfruto-este-pasado-fin-de-semana-de-verano-en-tu-barrio-con-actividades-infantiles-pasacalles-y-verbena\/","title":{"rendered":"Las Rehoyas disfrut\u00f3 este pasado fin de semana de &#8216;Verano en tu barrio&#8217; con actividades infantiles, pasacalles y verbena"},"content":{"rendered":"<div class=\"image col-sm-6 pull-right\"><\/div>\n<div class=\"container-fluid\">\n<p>Las Palmas de Gran Canaria, 24 de agosto de 2026. El Ayuntamiento de Las Palmas de Gran Canaria, a trav\u00e9s de la Concejal\u00eda del Distrito Ciudad Alta, celebr\u00f3 el pasado s\u00e1bado en Las Rehoyas \u2018Verano en tu barrio\u2019, una propuesta de ocio y convivencia vecinal que ofreci\u00f3 durante la tarde un pasacalles de papag\u00fcevos, actividades infantiles y una verbena en la Plaza de la Paz.<br \/>\nLa concejala del Distrito Ciudad Alta, Betsaida Gonz\u00e1lez, destac\u00f3 que \u201ccon \u2018Verano en tu barrio\u2019 queremos que nuestros barrios sean tambi\u00e9n espacios para disfrutar, encontrarnos y compartir durante los meses de verano. En Las Rehoyas hemos ofrecido una tarde pensada para las familias, con actividades para los m\u00e1s peque\u00f1os y una verbena para que vecinos y vecinas pudieran disfrutar juntos de su barrio\u201d.<br \/>\nGonz\u00e1lez se\u00f1al\u00f3 que \u201cesta programaci\u00f3n nos permite acercar propuestas de ocio y participaci\u00f3n a los distintos barrios de Ciudad Alta y, al mismo tiempo, dinamizar nuestros espacios p\u00fablicos y fortalecer la convivencia vecinal\u201d.<br \/>\nLa jornada comenz\u00f3 con un pasacalles de papag\u00fcevos que recorri\u00f3 varias calles de Las Rehoyas. La comitiva parti\u00f3 de la plazoleta situada en la confluencia de las calles Virgen de Bego\u00f1a y Montejurra y continu\u00f3 por Montejurra, Santa Mar\u00eda de la Cabeza, Santa Luisa de Marillac y Virgen de la Paloma hasta llegar a la Plaza de la Paz.<br \/>\nDespu\u00e9s, la Plaza de la Paz acogi\u00f3 actividades infantiles dirigidas especialmente a los ni\u00f1os y ni\u00f1as del barrio y a sus familias, que pudieron disfrutar de una tarde de ocio al aire libre.<br \/>\nLa programaci\u00f3n continu\u00f3 con una verbena a cargo de D\u2019Music, que se prolong\u00f3 hasta las 22:00 horas y puso el broche final a la jornada.<br \/>\nLa celebraci\u00f3n de \u2018Verano en tu barrio\u2019 forma parte de la estrategia municipal para dinamizar los barrios de Las Palmas de Gran Canaria y promover actividades de ocio, convivencia y participaci\u00f3n en los espacios p\u00fablicos de los distintos distritos durante los meses de verano.<br \/>\nEn el Distrito Ciudad Alta, esta programaci\u00f3n se ha complementado durante los meses de verano con \u2018Parque Aventura\u2019, una propuesta gratuita de ocio infantil que ha recorrido distintos barrios del distrito con juegos, talleres y actividades de animaci\u00f3n dirigidas a ni\u00f1os y ni\u00f1as de hasta 12 a\u00f1os.<br \/>\nEste viernes, 28 de agosto, \u2018Parque Aventura\u2019 celebrar\u00e1 su \u00faltima jornada de las seis paradas previstas este verano en Ciudad Alta, culminando as\u00ed una programaci\u00f3n que ha acercado actividades infantiles y de ocio a diferentes barrios del distrito durante el periodo estival.<\/p>\n<\/div>\n","protected":false},"excerpt":{"rendered":"<p>Ampliar imagen Las Palmas de Gran Canaria, 24 de agosto de 2026. El Ayuntamiento de Las Palmas de Gran Canaria, a trav\u00e9s de la Concejal\u00eda del Distrito Ciudad Alta, celebr\u00f3&hellip;<\/p>\n","protected":false},"author":1,"featured_media":5159,"comment_status":"open","ping_status":"open","sticky":false,"template":"","format":"standard","meta":{"wpai_generated_summary":"","wpai_meta_description":"","footnotes":""},"categories":[132],"tags":[],"class_list":["post-5153","post","type-post","status-publish","format-standard","has-post-thumbnail","hentry","category-ayuntamiento-de-las-palmas-de-gran-canaria"],"_links":{"self":[{"href":"https:\/\/nublo.tv\/index.php\/wp-json\/wp\/v2\/posts\/5153","targetHints":{"allow":["GET"]}}],"collection":[{"href":"https:\/\/nublo.tv\/index.php\/wp-json\/wp\/v2\/posts"}],"about":[{"href":"https:\/\/nublo.tv\/index.php\/wp-json\/wp\/v2\/types\/post"}],"author":[{"embeddable":true,"href":"https:\/\/nublo.tv\/index.php\/wp-json\/wp\/v2\/users\/1"}],"replies":[{"embeddable":true,"href":"https:\/\/nublo.tv\/index.php\/wp-json\/wp\/v2\/comments?post=5153"}],"version-history":[{"count":1,"href":"https:\/\/nublo.tv\/index.php\/wp-json\/wp\/v2\/posts\/5153\/revisions"}],"predecessor-version":[{"id":5158,"href":"https:\/\/nublo.tv\/index.php\/wp-json\/wp\/v2\/posts\/5153\/revisions\/5158"}],"wp:featuredmedia":[{"embeddable":true,"href":"https:\/\/nublo.tv\/index.php\/wp-json\/wp\/v2\/media\/5159"}],"wp:attachment":[{"href":"https:\/\/nublo.tv\/index.php\/wp-json\/wp\/v2\/media?parent=5153"}],"wp:term":[{"taxonomy":"category","embeddable":true,"href":"https:\/\/nublo.tv\/index.php\/wp-json\/wp\/v2\/categories?post=5153"},{"taxonomy":"post_tag","embeddable":true,"href":"https:\/\/nublo.tv\/index.php\/wp-json\/wp\/v2\/tags?post=5153"}],"curies":[{"name":"wp","href":"https:\/\/api.w.org\/{rel}","templated":true}]}}