{"id":5165,"date":"2026-08-25T11:15:18","date_gmt":"2026-08-25T10:15:18","guid":{"rendered":"https:\/\/nublo.tv\/?p=5165"},"modified":"2026-08-24T15:04:07","modified_gmt":"2026-08-24T14:04:07","slug":"barrial-pone-este-miercoles-a-sus-ninos-y-ninas-al-frente-de-la-tradicion-con-la-ramilla","status":"publish","type":"post","link":"https:\/\/nublo.tv\/index.php\/2026\/08\/25\/barrial-pone-este-miercoles-a-sus-ninos-y-ninas-al-frente-de-la-tradicion-con-la-ramilla\/","title":{"rendered":"Barrial pone este mi\u00e9rcoles a sus ni\u00f1os y ni\u00f1as al frente de la tradici\u00f3n con La Ramilla"},"content":{"rendered":"<p>Las Fiestas en honor a Nuestra Se\u00f1ora de los Desamparados de Barrial dedican este mi\u00e9rcoles 26 de agosto una jornada especialmente pensada para los ni\u00f1os y ni\u00f1as, con una programaci\u00f3n que combina tradici\u00f3n, m\u00fasica, diversi\u00f3n y convivencia familiar.<\/p>\n<p>La tarde comenzar\u00e1 a las 18:30 horas, en el frontis de la iglesia de Barrial, con La Ramilla, una de las citas m\u00e1s entra\u00f1ables de las fiestas y una actividad que tiene como objetivo acercar a las nuevas generaciones al esp\u00edritu de La Rama, una de las tradiciones que forman parte de la identidad festiva del barrio.<\/p>\n<p>La Ramilla estar\u00e1 acompa\u00f1ada por los papag\u00fcevos y la charanga Vitamina Band, que pondr\u00e1n m\u00fasica y animaci\u00f3n al recorrido por las calles de Barrial. Los ni\u00f1os y ni\u00f1as ser\u00e1n los grandes protagonistas de una tarde concebida para disfrutar en familia y para que los m\u00e1s peque\u00f1os puedan vivir en primera persona una tradici\u00f3n que durante generaciones ha formado parte de las fiestas.<\/p>\n<p>M\u00e1s all\u00e1 de la diversi\u00f3n, La Ramilla representa tambi\u00e9n una forma de transmitir la tradici\u00f3n y garantizar su continuidad. Los ni\u00f1os y ni\u00f1as que hoy participan, bailan y disfrutan de esta celebraci\u00f3n ser\u00e1n quienes en el futuro puedan tomar el relevo y mantener vivo el esp\u00edritu de La Rama.<\/p>\n<p>El presidente de la A.V. \u201cAmagro\u201d de Barrial, Pepe Garc\u00eda, destaca precisamente este car\u00e1cter de continuidad de la celebraci\u00f3n: \u201cLa Ramilla es una manera de acercar a nuestros ni\u00f1os y ni\u00f1as al esp\u00edritu de La Rama, de que la conozcan, la disfruten y la sientan como algo suyo. Queremos que vivan una tarde de alegr\u00eda junto a sus familias, pero tambi\u00e9n que entiendan que ellos son el futuro de nuestras tradiciones\u201d.<\/p>\n<p>La celebraci\u00f3n llegar\u00e1 hasta la Plaza Jos\u00e9 Rodr\u00edguez Quintana, donde, a la llegada, habr\u00e1 una merienda saludable para todos los ni\u00f1os y ni\u00f1as participantes, un momento para reponer fuerzas y continuar compartiendo una tarde pensada especialmente para ellos.<\/p>\n<p>La actividad continuar\u00e1 a las 20:00 horas, en la propia Plaza Jos\u00e9 Rodr\u00edguez Quintana, con La Nueva Cantera, que ofrecer\u00e1 una actuaci\u00f3n protagonizada por las nuevas generaciones y que servir\u00e1 para cerrar una jornada marcada por la infancia y el futuro de las fiestas.<\/p>\n<p>Para Pepe Garc\u00eda, \u201csi queremos que nuestras tradiciones sigan vivas, tenemos que conseguir que nuestros ni\u00f1os y ni\u00f1as las conozcan y las vivan desde peque\u00f1os. La Ramilla tiene precisamente ese sentido: que puedan disfrutar de La Rama a su manera y que, con el paso de los a\u00f1os, sean ellos quienes sigan manteniendo ese esp\u00edritu\u201d.<\/p>\n<p>De esta manera, Barrial dedica una de sus jornadas festivas a quienes representan el futuro del barrio, creando un espacio para que los ni\u00f1os y ni\u00f1as disfruten, compartan con sus familias y se acerquen a unas tradiciones que forman parte de la historia y de la identidad de la comunidad.<\/p>\n<p>Tradici\u00f3n, infancia y futuro se dar\u00e1n la mano este mi\u00e9rcoles en Barrial, en una tarde en la que La Ramilla volver\u00e1 a demostrar que las costumbres se mantienen vivas cuando las nuevas generaciones las conocen, las disfrutan y las hacen suyas.<\/p>\n<p>&nbsp;<\/p>\n","protected":false},"excerpt":{"rendered":"<p>Las Fiestas en honor a Nuestra Se\u00f1ora de los Desamparados de Barrial dedican este mi\u00e9rcoles 26 de agosto una jornada especialmente pensada para los ni\u00f1os y ni\u00f1as, con una programaci\u00f3n que combina tradici\u00f3n, m\u00fasica, diversi\u00f3n y convivencia familiar. La tarde comenzar\u00e1 a las 18:30 horas, en el frontis de la iglesia de Barrial, con La [&hellip;]<\/p>\n","protected":false},"author":50,"featured_media":5167,"comment_status":"open","ping_status":"open","sticky":false,"template":"","format":"standard","meta":{"wpai_generated_summary":"","wpai_meta_description":"","footnotes":""},"categories":[153],"tags":[],"class_list":["post-5165","post","type-post","status-publish","format-standard","has-post-thumbnail","hentry","category-galdar"],"_links":{"self":[{"href":"https:\/\/nublo.tv\/index.php\/wp-json\/wp\/v2\/posts\/5165","targetHints":{"allow":["GET"]}}],"collection":[{"href":"https:\/\/nublo.tv\/index.php\/wp-json\/wp\/v2\/posts"}],"about":[{"href":"https:\/\/nublo.tv\/index.php\/wp-json\/wp\/v2\/types\/post"}],"author":[{"embeddable":true,"href":"https:\/\/nublo.tv\/index.php\/wp-json\/wp\/v2\/users\/50"}],"replies":[{"embeddable":true,"href":"https:\/\/nublo.tv\/index.php\/wp-json\/wp\/v2\/comments?post=5165"}],"version-history":[{"count":1,"href":"https:\/\/nublo.tv\/index.php\/wp-json\/wp\/v2\/posts\/5165\/revisions"}],"predecessor-version":[{"id":5168,"href":"https:\/\/nublo.tv\/index.php\/wp-json\/wp\/v2\/posts\/5165\/revisions\/5168"}],"wp:featuredmedia":[{"embeddable":true,"href":"https:\/\/nublo.tv\/index.php\/wp-json\/wp\/v2\/media\/5167"}],"wp:attachment":[{"href":"https:\/\/nublo.tv\/index.php\/wp-json\/wp\/v2\/media?parent=5165"}],"wp:term":[{"taxonomy":"category","embeddable":true,"href":"https:\/\/nublo.tv\/index.php\/wp-json\/wp\/v2\/categories?post=5165"},{"taxonomy":"post_tag","embeddable":true,"href":"https:\/\/nublo.tv\/index.php\/wp-json\/wp\/v2\/tags?post=5165"}],"curies":[{"name":"wp","href":"https:\/\/api.w.org\/{rel}","templated":true}]}}