{"id":5169,"date":"2026-08-26T11:14:51","date_gmt":"2026-08-26T10:14:51","guid":{"rendered":"https:\/\/nublo.tv\/?p=5169"},"modified":"2026-08-25T08:19:58","modified_gmt":"2026-08-25T07:19:58","slug":"los-polvos-holi-tinen-de-color-este-jueves-a-barrial-en-una-de-las-jornadas-mas-esperadas-por-la-juventud","status":"publish","type":"post","link":"https:\/\/nublo.tv\/index.php\/2026\/08\/26\/los-polvos-holi-tinen-de-color-este-jueves-a-barrial-en-una-de-las-jornadas-mas-esperadas-por-la-juventud\/","title":{"rendered":"Los Polvos Holi ti\u00f1en de color este jueves a Barrial en una de las jornadas m\u00e1s esperadas por la juventud"},"content":{"rendered":"<p>Las Fiestas en honor a Nuestra Se\u00f1ora de los Desamparados de Barrial dedican este jueves 27 de agosto una jornada especialmente dirigida a la juventud, con una programaci\u00f3n que combina color, m\u00fasica, diversi\u00f3n y participaci\u00f3n y que se ha convertido en una de las citas m\u00e1s esperadas dentro de la semana grande.<\/p>\n<p>La tarde arrancar\u00e1 a las 18:00 horas, en la cancha de Barrial, con los Polvos Holi, una de las actividades que mayor participaci\u00f3n y expectaci\u00f3n genera entre los j\u00f3venes. El recinto se llenar\u00e1 de color en una celebraci\u00f3n desenfadada y din\u00e1mica que contar\u00e1 con la m\u00fasica y animaci\u00f3n de Aithamy DJ, encargado de poner ritmo a una tarde pensada para disfrutar entre amigos.<\/p>\n<p>Los Polvos Holi se han convertido con el paso de los a\u00f1os en una de esas citas que los j\u00f3venes esperan con especial ilusi\u00f3n. El color, la m\u00fasica y la participaci\u00f3n convierten esta actividad en una experiencia diferente dentro del programa de las fiestas, creando un gran punto de encuentro para la juventud del barrio y de otros puntos que se suman a la celebraci\u00f3n.<\/p>\n<p>El presidente de la A.V. \u201cAmagro\u201d de Barrial, Pepe Garc\u00eda, destaca precisamente el car\u00e1cter participativo de esta jornada: \u201cEs una de las jornadas m\u00e1s esperadas y participativas de nuestras fiestas. Los j\u00f3venes esperan los Polvos Holi con muchas ganas y cada a\u00f1o conseguimos que sean m\u00e1s los que se suman. Queremos que tengan su espacio, que disfruten y que tambi\u00e9n sientan que las fiestas de Barrial son suyas\u201d.<\/p>\n<p>La programaci\u00f3n continuar\u00e1 a las 20:00 horas, en la Plaza Jos\u00e9 Rodr\u00edguez Quintana, donde DJ Airam Vega tomar\u00e1 el relevo con una sesi\u00f3n musical que prolongar\u00e1 el ambiente festivo y permitir\u00e1 a la juventud continuar disfrutando de la jornada.<\/p>\n<p>Pepe Garc\u00eda subraya que esta jornada responde tambi\u00e9n al compromiso de las fiestas con todas las generaciones: \u201cTenemos una programaci\u00f3n para todas las edades y creemos que la juventud necesita tambi\u00e9n sus momentos dentro de las fiestas. Esta tarde est\u00e1 pensada para ellos, para que puedan encontrarse, compartir y disfrutar juntos de Barrial\u201d.<\/p>\n<p>Los Polvos Holi y las sesiones musicales de Aithamy DJ y DJ Airam Vega convertir\u00e1n este jueves en una jornada marcada por el color, la m\u00fasica y la participaci\u00f3n juvenil, dentro de unas fiestas que contin\u00faan avanzando hacia su fin de semana grande.<\/p>\n<p>Una tarde para disfrutar con amigos, llenar de color las calles y vivir las fiestas de una manera diferente, demostrando una vez m\u00e1s que la participaci\u00f3n de la juventud es tambi\u00e9n una parte esencial del presente y del futuro de las Fiestas de Barrial.<\/p>\n<p>Las Fiestas en honor a Nuestra Se\u00f1ora de los Desamparados de Barrial dedican este jueves 27 de agosto una jornada especialmente dirigida a la juventud, con una programaci\u00f3n que combina color, m\u00fasica, diversi\u00f3n y participaci\u00f3n y que se ha convertido en una de las citas m\u00e1s esperadas dentro de la semana grande.<\/p>\n<p>La tarde arrancar\u00e1 a las 18:00 horas, en la cancha de Barrial, con los Polvos Holi, una de las actividades que mayor participaci\u00f3n y expectaci\u00f3n genera entre los j\u00f3venes. El recinto se llenar\u00e1 de color en una celebraci\u00f3n desenfadada y din\u00e1mica que contar\u00e1 con la m\u00fasica y animaci\u00f3n de Aithamy DJ, encargado de poner ritmo a una tarde pensada para disfrutar entre amigos.<\/p>\n<p>Los Polvos Holi se han convertido con el paso de los a\u00f1os en una de esas citas que los j\u00f3venes esperan con especial ilusi\u00f3n. El color, la m\u00fasica y la participaci\u00f3n convierten esta actividad en una experiencia diferente dentro del programa de las fiestas, creando un gran punto de encuentro para la juventud del barrio y de otros puntos que se suman a la celebraci\u00f3n.<\/p>\n<p>El presidente de la A.V. \u201cAmagro\u201d de Barrial, Pepe Garc\u00eda, destaca precisamente el car\u00e1cter participativo de esta jornada: \u201cEs una de las jornadas m\u00e1s esperadas y participativas de nuestras fiestas. Los j\u00f3venes esperan los Polvos Holi con muchas ganas y cada a\u00f1o conseguimos que sean m\u00e1s los que se suman. Queremos que tengan su espacio, que disfruten y que tambi\u00e9n sientan que las fiestas de Barrial son suyas\u201d.<\/p>\n<p>La programaci\u00f3n continuar\u00e1 a las 20:00 horas, en la Plaza Jos\u00e9 Rodr\u00edguez Quintana, donde DJ Airam Vega tomar\u00e1 el relevo con una sesi\u00f3n musical que prolongar\u00e1 el ambiente festivo y permitir\u00e1 a la juventud continuar disfrutando de la jornada.<\/p>\n<p>Pepe Garc\u00eda subraya que esta jornada responde tambi\u00e9n al compromiso de las fiestas con todas las generaciones: \u201cTenemos una programaci\u00f3n para todas las edades y creemos que la juventud necesita tambi\u00e9n sus momentos dentro de las fiestas. Esta tarde est\u00e1 pensada para ellos, para que puedan encontrarse, compartir y disfrutar juntos de Barrial\u201d.<\/p>\n<p>Los Polvos Holi y las sesiones musicales de Aithamy DJ y DJ Airam Vega convertir\u00e1n este jueves en una jornada marcada por el color, la m\u00fasica y la participaci\u00f3n juvenil, dentro de unas fiestas que contin\u00faan avanzando hacia su fin de semana grande.<\/p>\n<p>Una tarde para disfrutar con amigos, llenar de color las calles y vivir las fiestas de una manera diferente, demostrando una vez m\u00e1s que la participaci\u00f3n de la juventud es tambi\u00e9n una parte esencial del presente y del futuro de las Fiestas de Barrial.<\/p>\n","protected":false},"excerpt":{"rendered":"<p>Las Fiestas en honor a Nuestra Se\u00f1ora de los Desamparados de Barrial dedican este jueves 27 de agosto una jornada especialmente dirigida a la juventud, con una programaci\u00f3n que combina color, m\u00fasica, diversi\u00f3n y participaci\u00f3n y que se ha convertido en una de las citas m\u00e1s esperadas dentro de la semana grande. La tarde arrancar\u00e1 [&hellip;]<\/p>\n","protected":false},"author":50,"featured_media":5171,"comment_status":"open","ping_status":"open","sticky":false,"template":"","format":"standard","meta":{"wpai_generated_summary":"","wpai_meta_description":"","footnotes":""},"categories":[153],"tags":[],"class_list":["post-5169","post","type-post","status-publish","format-standard","has-post-thumbnail","hentry","category-galdar"],"_links":{"self":[{"href":"https:\/\/nublo.tv\/index.php\/wp-json\/wp\/v2\/posts\/5169","targetHints":{"allow":["GET"]}}],"collection":[{"href":"https:\/\/nublo.tv\/index.php\/wp-json\/wp\/v2\/posts"}],"about":[{"href":"https:\/\/nublo.tv\/index.php\/wp-json\/wp\/v2\/types\/post"}],"author":[{"embeddable":true,"href":"https:\/\/nublo.tv\/index.php\/wp-json\/wp\/v2\/users\/50"}],"replies":[{"embeddable":true,"href":"https:\/\/nublo.tv\/index.php\/wp-json\/wp\/v2\/comments?post=5169"}],"version-history":[{"count":1,"href":"https:\/\/nublo.tv\/index.php\/wp-json\/wp\/v2\/posts\/5169\/revisions"}],"predecessor-version":[{"id":5172,"href":"https:\/\/nublo.tv\/index.php\/wp-json\/wp\/v2\/posts\/5169\/revisions\/5172"}],"wp:featuredmedia":[{"embeddable":true,"href":"https:\/\/nublo.tv\/index.php\/wp-json\/wp\/v2\/media\/5171"}],"wp:attachment":[{"href":"https:\/\/nublo.tv\/index.php\/wp-json\/wp\/v2\/media?parent=5169"}],"wp:term":[{"taxonomy":"category","embeddable":true,"href":"https:\/\/nublo.tv\/index.php\/wp-json\/wp\/v2\/categories?post=5169"},{"taxonomy":"post_tag","embeddable":true,"href":"https:\/\/nublo.tv\/index.php\/wp-json\/wp\/v2\/tags?post=5169"}],"curies":[{"name":"wp","href":"https:\/\/api.w.org\/{rel}","templated":true}]}}