{"id":52,"date":"2026-08-04T17:35:22","date_gmt":"2026-08-04T16:35:22","guid":{"rendered":"https:\/\/nublo.tv\/?p=52"},"modified":"2026-08-04T17:35:22","modified_gmt":"2026-08-04T16:35:22","slug":"programa-de-las-fiestas-de-nuestra-senora-la-virgen-de-la-cuevita-2026","status":"publish","type":"post","link":"https:\/\/nublo.tv\/index.php\/2026\/08\/04\/programa-de-las-fiestas-de-nuestra-senora-la-virgen-de-la-cuevita-2026\/","title":{"rendered":"PROGRAMA DE LAS FIESTAS DE NUESTRA SE\u00d1ORA LA VIRGEN DE LA CUEVITA 2026"},"content":{"rendered":"<p class=\"wp-block-paragraph\">El Programa Oficial de las Fiestas de La Cuevita 2026 ya est\u00e1 disponible.<\/p>\n<p class=\"wp-block-paragraph\">Comienzan semanas llenas de emoci\u00f3n, tradici\u00f3n, cultura, deporte, m\u00fasica, encuentros y momentos que volver\u00e1n a reunir a todo un pueblo alrededor de sus fiestas m\u00e1s esperadas.<\/p>\n<p class=\"wp-block-paragraph\">Cada p\u00e1gina de este programa refleja el esfuerzo, la ilusi\u00f3n y el trabajo de muchas personas para ofrecer unas fiestas a la altura de lo que representa La Cuevita: un s\u00edmbolo de identidad, de uni\u00f3n y de orgullo para Artenara.<\/p>\n<p class=\"wp-block-paragraph\">Te invitamos a descubrir todas las actividades preparadas, marcar en tu calendario tus citas favoritas y vivir intensamente unas fiestas pensadas para todos los p\u00fablicos.<\/p>\n<p class=\"wp-block-paragraph\">La Cuevita 2026 ya empieza a sentirse. Ahora solo falta vivirla.<\/p>\n<p class=\"wp-block-paragraph\">\ud83d\udcd6 Consulta el programa completo y prep\u00e1rate para disfrutar de unas fiestas inolvidables.<\/p>\n","protected":false},"excerpt":{"rendered":"<p>El Programa Oficial de las Fiestas de La Cuevita 2026 ya est\u00e1 disponible.Comienzan semanas llenas de emoci\u00f3n, tradici\u00f3n, cultura, deporte, m\u00fasica, encuentros y momentos que volver\u00e1n a reunir a todo&hellip;<\/p>\n","protected":false},"author":5,"featured_media":53,"comment_status":"open","ping_status":"open","sticky":false,"template":"","format":"standard","meta":{"wpai_generated_summary":"","wpai_meta_description":"","footnotes":""},"categories":[126],"tags":[],"class_list":["post-52","post","type-post","status-publish","format-standard","has-post-thumbnail","hentry","category-ayuntamiento-de-artenara"],"_links":{"self":[{"href":"https:\/\/nublo.tv\/index.php\/wp-json\/wp\/v2\/posts\/52","targetHints":{"allow":["GET"]}}],"collection":[{"href":"https:\/\/nublo.tv\/index.php\/wp-json\/wp\/v2\/posts"}],"about":[{"href":"https:\/\/nublo.tv\/index.php\/wp-json\/wp\/v2\/types\/post"}],"author":[{"embeddable":true,"href":"https:\/\/nublo.tv\/index.php\/wp-json\/wp\/v2\/users\/5"}],"replies":[{"embeddable":true,"href":"https:\/\/nublo.tv\/index.php\/wp-json\/wp\/v2\/comments?post=52"}],"version-history":[{"count":1,"href":"https:\/\/nublo.tv\/index.php\/wp-json\/wp\/v2\/posts\/52\/revisions"}],"predecessor-version":[{"id":493,"href":"https:\/\/nublo.tv\/index.php\/wp-json\/wp\/v2\/posts\/52\/revisions\/493"}],"wp:featuredmedia":[{"embeddable":true,"href":"https:\/\/nublo.tv\/index.php\/wp-json\/wp\/v2\/media\/53"}],"wp:attachment":[{"href":"https:\/\/nublo.tv\/index.php\/wp-json\/wp\/v2\/media?parent=52"}],"wp:term":[{"taxonomy":"category","embeddable":true,"href":"https:\/\/nublo.tv\/index.php\/wp-json\/wp\/v2\/categories?post=52"},{"taxonomy":"post_tag","embeddable":true,"href":"https:\/\/nublo.tv\/index.php\/wp-json\/wp\/v2\/tags?post=52"}],"curies":[{"name":"wp","href":"https:\/\/api.w.org\/{rel}","templated":true}]}}