{"id":5201,"date":"2026-08-25T08:49:12","date_gmt":"2026-08-25T07:49:12","guid":{"rendered":"https:\/\/nublo.tv\/?p=5201"},"modified":"2026-08-25T08:49:12","modified_gmt":"2026-08-25T07:49:12","slug":"telde-abre-este-martes-a-las-08-00-horas-el-plazo-para-participar-en-el-iii-mercado-vecinal-de-segunda-mano","status":"publish","type":"post","link":"https:\/\/nublo.tv\/index.php\/2026\/08\/25\/telde-abre-este-martes-a-las-08-00-horas-el-plazo-para-participar-en-el-iii-mercado-vecinal-de-segunda-mano\/","title":{"rendered":"Telde abre este martes a las 08.00 horas el plazo para participar en el III Mercado Vecinal de Segunda Mano"},"content":{"rendered":"<p>&nbsp;<\/p>\n<p align=\"justify\"><strong>Telde, 24 de agosto de 2026.-<\/strong> El Ayuntamiento de Telde, a trav\u00e9s de la Concejal\u00eda de Participaci\u00f3n Ciudadana, abre este martes 25 de agosto, a partir de las 08.00 horas, el plazo para solicitar uno de los 20 puestos del III Mercado Vecinal de Segunda Mano, que se celebrar\u00e1 el pr\u00f3ximo 19 de septiembre en el parque Franchy Roca, en San Gregorio.<\/p>\n<p align=\"justify\">El \u00e1rea que dirige Janoa Anceaume publica desde este lunes las bases en el Tabl\u00f3n de Anuncios del Ayuntamiento y toda la informaci\u00f3n del procedimiento con el objetivo de que las personas interesadas puedan conocer previamente los requisitos, preparar la documentaci\u00f3n necesaria y estar prevenidas de la hora exacta en la que comienza oficialmente el periodo de inscripci\u00f3n. El plazo quedar\u00e1 abierto este martes 25 de agosto a las 08.00 horas y permanecer\u00e1 operativo hasta el 3 de septiembre, ambos inclusive, tal y como recoge el decreto aprobado este lunes por Participaci\u00f3n Ciudadana.<\/p>\n<p align=\"justify\">El Ayuntamiento recuerda especialmente que, a efectos de establecer el orden de entrada, \u00fanicamente se tendr\u00e1n en consideraci\u00f3n<strong> las solicitudes registradas a partir de las 08.00 horas del martes.<\/strong> <strong>Las que pudieran presentarse con anterioridad a esa hora no tendr\u00e1n validez dentro de esta convocatoria, al no haberse iniciado todav\u00eda oficialmente el plazo.<\/strong><\/p>\n<p align=\"justify\">Esta precisi\u00f3n cobra especial importancia porque el orden de presentaci\u00f3n ser\u00e1 uno de los elementos determinantes para la adjudicaci\u00f3n. La tercera edici\u00f3n dispondr\u00e1 de 20 puestos, instalados en otras tantas carpas aportadas por el propio Ayuntamiento, por lo que la Concejal\u00eda recomienda a quienes est\u00e9n interesados que revisen desde este lunes las bases y tengan preparada la documentaci\u00f3n.<\/p>\n<p align=\"justify\">Las solicitudes podr\u00e1n presentarse tanto de forma telem\u00e1tica, a trav\u00e9s de la Sede Electr\u00f3nica del Ayuntamiento de Telde, como presencialmente mediante el Registro Municipal y por el resto de medios previstos en la legislaci\u00f3n de procedimiento administrativo. En la solicitud deber\u00e1 constar expresamente la referencia \u201cMercado Vecinal de Segunda Mano\u201d y deber\u00e1 dirigirse a la Concejal\u00eda de Participaci\u00f3n Ciudadana.<\/p>\n<p align=\"justify\">Las bases fijan un plazo de <strong>diez d\u00edas naturales<\/strong> para presentar las solicitudes y establecen que, una vez cerrado, el Ayuntamiento proceder\u00e1 al estudio de la documentaci\u00f3n aportada y a la selecci\u00f3n de las personas participantes.<\/p>\n<p><strong>20 puestos y selecci\u00f3n por orden de entrada<\/strong><\/p>\n<p align=\"justify\">La tercera edici\u00f3n contar\u00e1 con 20 carpas facilitadas por el Ayuntamiento de Telde. La selecci\u00f3n se realizar\u00e1 fundamentalmente siguiendo el orden cronol\u00f3gico de recepci\u00f3n de las solicitudes. Las bases contemplan la prioridad de las personas empadronadas en Telde y establecen una lista de espera, tambi\u00e9n por orden de entrada, en caso de que el n\u00famero de peticiones supere las 20 plazas disponibles.<\/p>\n<p align=\"justify\">Para participar ser\u00e1 necesario ser mayor de 18 a\u00f1os, estar empadronado en el municipio y no ejercer profesionalmente una actividad comercial similar, ni estar dado de alta como aut\u00f3nomo para este tipo de actividad o dedicarse a la venta ambulante. La iniciativa est\u00e1 pensada exclusivamente para particulares que quieran dar una segunda vida a objetos usados o reutilizables.<\/p>\n<p align=\"justify\">La solicitud deber\u00e1 recoger el nombre y apellidos, DNI, direcci\u00f3n, tel\u00e9fono y correo electr\u00f3nico. Adem\u00e1s, las personas interesadas tendr\u00e1n que presentar una declaraci\u00f3n responsable que acredite que no desarrollan una actividad profesional o empresarial relacionada con los art\u00edculos que desean vender o intercambiar y que los bienes expuestos son de su propiedad.<\/p>\n<p align=\"justify\">En caso de superar el n\u00famero de puestos disponibles, las bases permiten tambi\u00e9n tener en consideraci\u00f3n la diversidad de los productos ofertados y una representaci\u00f3n equilibrada de diferentes zonas del municipio, manteniendo como elemento principal el orden cronol\u00f3gico de las solicitudes que cumplan los requisitos.<\/p>\n<p><strong>El 19 de septiembre en Franchy Roca<\/strong><\/p>\n<p align=\"justify\">El III Mercado Vecinal de Segunda Mano se celebrar\u00e1 el s\u00e1bado 19 de septiembre en el parque Franchy Roca, en pleno centro de San Gregorio, desde las 10.00 hasta las 19.00 horas. Ser\u00e1 una jornada completa orientada al intercambio, la reutilizaci\u00f3n, el consumo responsable y la convivencia vecinal.<\/p>\n<p align=\"justify\">En los puestos estar\u00e1 permitida la venta, el intercambio o la exposici\u00f3n de objetos de segunda mano en buen estado. No podr\u00e1n comercializarse productos nuevos, restos procedentes de comercios o stocks empresariales, alimentos, animales, objetos peligrosos ni art\u00edculos que necesiten autorizaciones espec\u00edficas.<\/p>\n<p align=\"justify\">La concejala de Participaci\u00f3n Ciudadana, Janoa Anceaume, destaca que la decisi\u00f3n de hacer p\u00fablicas las condiciones con antelaci\u00f3n responde precisamente a la experiencia de las anteriores ediciones y al inter\u00e9s que viene despertando la iniciativa.<\/p>\n<p align=\"justify\"><strong>\u201cLlevamos d\u00edas anunciando que esta tercera edici\u00f3n estaba a punto de abrir sus inscripciones y ahora queremos que todas las personas interesadas tengan las mismas posibilidades de preparar la documentaci\u00f3n y conocer con claridad cu\u00e1ndo comienza el plazo. Por eso insistimos especialmente en que las solicitudes v\u00e1lidas ser\u00e1n las que entren desde las ocho de la ma\u00f1ana de este martes\u201d,<\/strong> explica Anceaume.<\/p>\n<p align=\"justify\">La edil se\u00f1ala que el Mercado Vecinal <strong>\u201cse ha consolidado como algo m\u00e1s que un espacio para comprar o vender objetos de segunda mano\u201d. \u201cEs una jornada de encuentro, de convivencia y de participaci\u00f3n ciudadana que adem\u00e1s permite recuperar objetos que todav\u00eda tienen utilidad, fomentar un consumo m\u00e1s responsable y dar vida al espacio p\u00fablico\u201d,<\/strong> a\u00f1ade.<\/p>\n<p align=\"justify\">Con esta tercera convocatoria, Participaci\u00f3n Ciudadana da continuidad a una iniciativa que pretende reforzar los espacios de encuentro entre vecinos y promover h\u00e1bitos relacionados con la reutilizaci\u00f3n, la sostenibilidad y la econom\u00eda circular desde una perspectiva cercana y comunitaria.<\/p>\n","protected":false},"excerpt":{"rendered":"<p>https:\/\/www.telde.es\/wp-content\/uploads\/2026\/08\/noticia679.jpgTelde, 24 de agosto de 2026.- El Ayuntamiento de Telde, a trav\u00e9s de la Concejal\u00eda de Participaci\u00f3n Ciudadana, abre este martes 25 de agosto, a partir de las 08.00 horas,&hellip;<\/p>\n","protected":false},"author":1,"featured_media":5202,"comment_status":"open","ping_status":"open","sticky":false,"template":"","format":"standard","meta":{"wpai_generated_summary":"","wpai_meta_description":"","footnotes":""},"categories":[140],"tags":[],"class_list":["post-5201","post","type-post","status-publish","format-standard","has-post-thumbnail","hentry","category-ayuntamiento-de-telde"],"_links":{"self":[{"href":"https:\/\/nublo.tv\/index.php\/wp-json\/wp\/v2\/posts\/5201","targetHints":{"allow":["GET"]}}],"collection":[{"href":"https:\/\/nublo.tv\/index.php\/wp-json\/wp\/v2\/posts"}],"about":[{"href":"https:\/\/nublo.tv\/index.php\/wp-json\/wp\/v2\/types\/post"}],"author":[{"embeddable":true,"href":"https:\/\/nublo.tv\/index.php\/wp-json\/wp\/v2\/users\/1"}],"replies":[{"embeddable":true,"href":"https:\/\/nublo.tv\/index.php\/wp-json\/wp\/v2\/comments?post=5201"}],"version-history":[{"count":1,"href":"https:\/\/nublo.tv\/index.php\/wp-json\/wp\/v2\/posts\/5201\/revisions"}],"predecessor-version":[{"id":5231,"href":"https:\/\/nublo.tv\/index.php\/wp-json\/wp\/v2\/posts\/5201\/revisions\/5231"}],"wp:featuredmedia":[{"embeddable":true,"href":"https:\/\/nublo.tv\/index.php\/wp-json\/wp\/v2\/media\/5202"}],"wp:attachment":[{"href":"https:\/\/nublo.tv\/index.php\/wp-json\/wp\/v2\/media?parent=5201"}],"wp:term":[{"taxonomy":"category","embeddable":true,"href":"https:\/\/nublo.tv\/index.php\/wp-json\/wp\/v2\/categories?post=5201"},{"taxonomy":"post_tag","embeddable":true,"href":"https:\/\/nublo.tv\/index.php\/wp-json\/wp\/v2\/tags?post=5201"}],"curies":[{"name":"wp","href":"https:\/\/api.w.org\/{rel}","templated":true}]}}