{"id":5203,"date":"2026-08-25T08:49:09","date_gmt":"2026-08-25T07:49:09","guid":{"rendered":"https:\/\/nublo.tv\/?p=5203"},"modified":"2026-08-25T08:49:09","modified_gmt":"2026-08-25T07:49:09","slug":"el-renovado-balneario-de-melenara-suma-una-buena-acogida-en-sus-primeras-semanas-de-funcionamiento","status":"publish","type":"post","link":"https:\/\/nublo.tv\/index.php\/2026\/08\/25\/el-renovado-balneario-de-melenara-suma-una-buena-acogida-en-sus-primeras-semanas-de-funcionamiento\/","title":{"rendered":"El renovado balneario de Melenara suma una buena acogida en sus primeras semanas de funcionamiento"},"content":{"rendered":"<p>&nbsp;<\/p>\n<p align=\"justify\"><strong>Telde, 24 de agosto de 2026.-<\/strong> El renovado balneario municipal de Melenara completa sus primeras semanas de funcionamiento con una buena acogida por parte de los usuarios de la playa, despu\u00e9s de reabrir sus puertas a finales del pasado mes de julio tras una reforma integral de sus instalaciones.<\/p>\n<p align=\"justify\">El Ayuntamiento de Telde, a trav\u00e9s de la Concejal\u00eda de Servicios Municipales, que dirige Juan Martel, realiza un balance positivo de estas primeras semanas, coincidiendo adem\u00e1s con uno de los periodos de mayor afluencia del a\u00f1o en el litoral teldense.<\/p>\n<p align=\"justify\">Vecinos y visitantes han podido estrenar durante agosto unas instalaciones completamente transformadas, m\u00e1s modernas, funcionales y especialmente orientadas a mejorar la accesibilidad y la comodidad de quienes utilizan diariamente la playa de Melenara.<\/p>\n<p align=\"justify\">La reforma ha permitido renovar los ba\u00f1os, duchas y diferentes dependencias del balneario, incorporando adem\u00e1s espacios adaptados para personas con movilidad reducida. Entre sus principales novedades destacan dos cabinas espec\u00edficas para personas ostomizadas, una en los aseos masculinos y otra en los femeninos, concebidas para facilitar sus cuidados personales con mayor privacidad, comodidad e higiene.<\/p>\n<p><strong>Un servicio cotidiano que marca la diferencia<\/strong><\/p>\n<p align=\"justify\">Desde el Consistorio se pone en valor que la mejora de la costa no pasa \u00fanicamente por grandes actuaciones urban\u00edsticas, sino tambi\u00e9n por disponer de servicios p\u00fablicos cuidados y capaces de responder a las necesidades cotidianas de quienes utilizan las playas.<\/p>\n<p align=\"justify\">El balneario es precisamente uno de esos servicios. Durante los meses de verano recibe de forma constante a ba\u00f1istas, familias, mayores, deportistas y visitantes que utilizan sus aseos, duchas y espacios adaptados a lo largo de toda la jornada.<\/p>\n<p align=\"justify\">Juan Martel destaca que <strong>\u201clo m\u00e1s importante despu\u00e9s de una obra es comprobar que aquello que se ha hecho funciona y resulta \u00fatil para la ciudadan\u00eda. Estas primeras semanas est\u00e1n permitiendo comprobar la buena respuesta del nuevo balneario y, sobre todo, que contamos con unas instalaciones mucho m\u00e1s dignas, accesibles y preparadas para todos\u201d.<\/strong><\/p>\n<p align=\"justify\">El concejal a\u00f1ade que<strong> \u201cMelenara tiene una enorme actividad durante todo el a\u00f1o y especialmente en verano, por lo que disponer de unos servicios p\u00fablicos de calidad era una necesidad. Ahora toca cuidarlos entre todos para que permanezcan en las mejores condiciones durante mucho tiempo\u201d.<\/strong><\/p>\n<p><strong>Una renovaci\u00f3n dentro de la transformaci\u00f3n de Melenara<\/strong><\/p>\n<p align=\"justify\">La rehabilitaci\u00f3n del balneario forma parte de la segunda y \u00faltima fase de la renovaci\u00f3n del paseo mar\u00edtimo de Melenara, una actuaci\u00f3n impulsada por la Concejal\u00eda de V\u00edas y Obras, que dirige Iv\u00e1n S\u00e1nchez, con una inversi\u00f3n global de 1.128.232,35 euros.<\/p>\n<p align=\"justify\">El proyecto abarca un total de 3.081 metros cuadrados entre el muelle, la avenida y el propio balneario y contempla tambi\u00e9n nuevas zonas de sombra, mobiliario urbano, mejoras en el alumbrado y drenaje, aparcabicicletas, paisajismo y la transformaci\u00f3n del parque infantil con tem\u00e1tica marinera.<\/p>\n<p align=\"justify\">La actuaci\u00f3n busca completar la transformaci\u00f3n de uno de los espacios p\u00fablicos m\u00e1s utilizados del litoral de Telde, combinando la mejora est\u00e9tica del paseo con servicios que tengan una repercusi\u00f3n directa en la experiencia diaria de vecinos y visitantes.<\/p>\n<p><strong>Seguimiento y mantenimiento<\/strong><\/p>\n<p align=\"justify\">La Concejal\u00eda de Servicios Municipales continuar\u00e1 realizando un seguimiento del funcionamiento del balneario, prestando especial atenci\u00f3n a la limpieza, conservaci\u00f3n y posibles incidencias que puedan surgir con el uso intensivo propio de estas fechas.<\/p>\n<p align=\"justify\">Desde el Ayuntamiento tambi\u00e9n se apela al cuidado colectivo de unas instalaciones que son de uso p\u00fablico y gratuito, recordando que su conservaci\u00f3n depende tanto del mantenimiento municipal como del buen uso que realicen quienes pasan cada d\u00eda por ellas.<\/p>\n<p align=\"justify\">La renovaci\u00f3n del balneario se suma as\u00ed a otros servicios de Melenara, como el salvamento y socorrismo, el ba\u00f1o asistido, la Biblioplaya o las zonas de estancia, que convierten esta playa en uno de los principales espacios de encuentro y ocio del litoral teldense. La web municipal identifica adem\u00e1s Melenara como una playa de alto grado de ocupaci\u00f3n dotada de balneario gratuito y adaptado y servicio de ba\u00f1o asistido durante todo el a\u00f1o.<\/p>\n","protected":false},"excerpt":{"rendered":"<p>https:\/\/www.telde.es\/wp-content\/uploads\/2026\/08\/noticia678.jpgTelde, 24 de agosto de 2026.- El renovado balneario municipal de Melenara completa sus primeras semanas de funcionamiento con una buena acogida por parte de los usuarios de la playa,&hellip;<\/p>\n","protected":false},"author":1,"featured_media":5204,"comment_status":"open","ping_status":"open","sticky":false,"template":"","format":"standard","meta":{"wpai_generated_summary":"","wpai_meta_description":"","footnotes":""},"categories":[140],"tags":[],"class_list":["post-5203","post","type-post","status-publish","format-standard","has-post-thumbnail","hentry","category-ayuntamiento-de-telde"],"_links":{"self":[{"href":"https:\/\/nublo.tv\/index.php\/wp-json\/wp\/v2\/posts\/5203","targetHints":{"allow":["GET"]}}],"collection":[{"href":"https:\/\/nublo.tv\/index.php\/wp-json\/wp\/v2\/posts"}],"about":[{"href":"https:\/\/nublo.tv\/index.php\/wp-json\/wp\/v2\/types\/post"}],"author":[{"embeddable":true,"href":"https:\/\/nublo.tv\/index.php\/wp-json\/wp\/v2\/users\/1"}],"replies":[{"embeddable":true,"href":"https:\/\/nublo.tv\/index.php\/wp-json\/wp\/v2\/comments?post=5203"}],"version-history":[{"count":1,"href":"https:\/\/nublo.tv\/index.php\/wp-json\/wp\/v2\/posts\/5203\/revisions"}],"predecessor-version":[{"id":5230,"href":"https:\/\/nublo.tv\/index.php\/wp-json\/wp\/v2\/posts\/5203\/revisions\/5230"}],"wp:featuredmedia":[{"embeddable":true,"href":"https:\/\/nublo.tv\/index.php\/wp-json\/wp\/v2\/media\/5204"}],"wp:attachment":[{"href":"https:\/\/nublo.tv\/index.php\/wp-json\/wp\/v2\/media?parent=5203"}],"wp:term":[{"taxonomy":"category","embeddable":true,"href":"https:\/\/nublo.tv\/index.php\/wp-json\/wp\/v2\/categories?post=5203"},{"taxonomy":"post_tag","embeddable":true,"href":"https:\/\/nublo.tv\/index.php\/wp-json\/wp\/v2\/tags?post=5203"}],"curies":[{"name":"wp","href":"https:\/\/api.w.org\/{rel}","templated":true}]}}