{"id":5205,"date":"2026-08-25T08:49:05","date_gmt":"2026-08-25T07:49:05","guid":{"rendered":"https:\/\/nublo.tv\/?p=5205"},"modified":"2026-08-25T08:49:05","modified_gmt":"2026-08-25T07:49:05","slug":"salinetas-vuelve-a-convertirse-desde-este-martes-en-el-gran-cine-de-verano-de-telde","status":"publish","type":"post","link":"https:\/\/nublo.tv\/index.php\/2026\/08\/25\/salinetas-vuelve-a-convertirse-desde-este-martes-en-el-gran-cine-de-verano-de-telde\/","title":{"rendered":"Salinetas vuelve a convertirse desde este martes en el gran cine de verano de Telde"},"content":{"rendered":"<p>&nbsp;<\/p>\n<p align=\"justify\"><strong>Telde, 24 de agosto de 2026.-<\/strong> La arena, las toallas y las hamacas volver\u00e1n a ocupar este martes la particular platea del cine m\u00e1s especial de Telde. El Cine de Verano regresa este martes 25 de agosto a la playa de Salinetas, recuperando uno de los eventos m\u00e1s esperados y con mayor seguimiento de la programaci\u00f3n municipal \u2018S\u00fabete a la Ola de la Vida\u2019.<\/p>\n<p align=\"justify\">Durante tres noches, Salinetas volver\u00e1 a convertirse en una gran sala de cine al aire libre, con una pantalla instalada junto al paseo y el mar como escenario de fondo. Las sesiones se celebrar\u00e1n el martes 25, mi\u00e9rcoles 26 y viernes 28 de agosto, todas a partir de las 20.30 horas.<\/p>\n<p align=\"justify\">El regreso de esta iniciativa responde tambi\u00e9n a la excelente acogida registrada en ediciones anteriores, en las que cientos de personas se congregaron sobre la arena para compartir una experiencia que combina cine, playa, convivencia y ocio en familia. El Ayuntamiento vuelve as\u00ed a apostar por un formato sencillo que ha terminado convirti\u00e9ndose en una de las im\u00e1genes caracter\u00edsticas del final del verano en la costa teldense.<\/p>\n<p><strong>Tres noches y tres pel\u00edculas<\/strong><\/p>\n<p align=\"justify\">La programaci\u00f3n comenzar\u00e1 este martes 25 de agosto con \u2018Mufasa: El Rey Le\u00f3n\u2019, una producci\u00f3n familiar que profundiza en los or\u00edgenes del conocido personaje del universo de El Rey Le\u00f3n. La segunda sesi\u00f3n tendr\u00e1 lugar el mi\u00e9rcoles 26, tambi\u00e9n a las 20.30 horas, con \u2018El Casopl\u00f3n\u2019, una propuesta de comedia que ampl\u00eda el p\u00fablico del ciclo y ofrece una alternativa diferente dentro de las tres jornadas.<\/p>\n<p align=\"justify\">El Cine de Verano se despedir\u00e1 el viernes 28 de agosto con \u2018Lilo y Stitch\u2019, uno de los grandes t\u00edtulos familiares recientes y una propuesta especialmente pensada para disfrutar entre peque\u00f1os y mayores.<\/p>\n<p align=\"justify\">Las pel\u00edculas han sido elegidas con participaci\u00f3n de la ciudadan\u00eda, manteniendo la filosof\u00eda de implicar al p\u00fablico en una actividad que precisamente encuentra en las familias y en los vecinos su principal raz\u00f3n de ser.<\/p>\n<p align=\"justify\">El concejal de Juventud, Cristhian Santana, destaca que el Cine de Verano <strong>\u201ces uno de esos eventos que la gente espera porque ofrece algo diferente: disfrutar de una pel\u00edcula sentado en la arena, en familia o con amigos y con el mar de Salinetas como tel\u00f3n de fondo\u201d.<\/strong><\/p>\n<p align=\"justify\">Santana se\u00f1ala adem\u00e1s que <strong>\u201cquer\u00edamos recuperar ese ambiente de las ediciones anteriores, cuando vemos la playa llena de familias compartiendo una pel\u00edcula y disfrutando juntas del espacio p\u00fablico. \u2018S\u00fabete a la Ola de la Vida\u2019 trata precisamente de eso: de generar encuentros, crear recuerdos y darle todav\u00eda m\u00e1s vida a nuestros barrios y playas\u201d.<\/strong><\/p>\n<p align=\"justify\">La iniciativa es gratuita y abierta al p\u00fablico, por lo que desde el Ayuntamiento se invita a los asistentes a acudir con antelaci\u00f3n y llevar su propia toalla o silla adecuada para acomodarse sobre la arena.<\/p>\n<p align=\"justify\">El Consistorio apela asimismo a la colaboraci\u00f3n de todos para mantener limpia la playa y el paseo una vez finalizadas las proyecciones, retirando los residuos que puedan generarse durante las sesiones.<\/p>\n<p align=\"justify\">El Cine de Verano constituye uno de los platos fuertes de \u2018S\u00fabete a la Ola de la Vida 2026\u2019, una programaci\u00f3n que arranc\u00f3 el pasado s\u00e1bado en Playa del Hombre y que continuar\u00e1 durante las pr\u00f3ximas semanas por Melenara, Tufia, Casas Nuevas, La Garita y Ojos de Garza, combinando m\u00fasica, talleres, espect\u00e1culos familiares y propuestas solidarias.<\/p>\n<p><strong>Programaci\u00f3n del Cine de Verano \u2013 Playa de Salinetas<\/strong><\/p>\n<ul>\n<li>Martes 25 de agosto | 20.30 horas: Mufasa: El Rey Le\u00f3n<\/li>\n<li>Mi\u00e9rcoles 26 de agosto | 20.30 horas: El Casopl\u00f3n<\/li>\n<li>Viernes 28 de agosto | 20.30 horas: Lilo y Stitch<\/li>\n<\/ul>\n","protected":false},"excerpt":{"rendered":"<p>https:\/\/www.telde.es\/wp-content\/uploads\/2026\/08\/noticia677.jpgTelde, 24 de agosto de 2026.- La arena, las toallas y las hamacas volver\u00e1n a ocupar este martes la particular platea del cine m\u00e1s especial de Telde. El Cine de&hellip;<\/p>\n","protected":false},"author":1,"featured_media":5206,"comment_status":"open","ping_status":"open","sticky":false,"template":"","format":"standard","meta":{"wpai_generated_summary":"","wpai_meta_description":"","footnotes":""},"categories":[140],"tags":[],"class_list":["post-5205","post","type-post","status-publish","format-standard","has-post-thumbnail","hentry","category-ayuntamiento-de-telde"],"_links":{"self":[{"href":"https:\/\/nublo.tv\/index.php\/wp-json\/wp\/v2\/posts\/5205","targetHints":{"allow":["GET"]}}],"collection":[{"href":"https:\/\/nublo.tv\/index.php\/wp-json\/wp\/v2\/posts"}],"about":[{"href":"https:\/\/nublo.tv\/index.php\/wp-json\/wp\/v2\/types\/post"}],"author":[{"embeddable":true,"href":"https:\/\/nublo.tv\/index.php\/wp-json\/wp\/v2\/users\/1"}],"replies":[{"embeddable":true,"href":"https:\/\/nublo.tv\/index.php\/wp-json\/wp\/v2\/comments?post=5205"}],"version-history":[{"count":1,"href":"https:\/\/nublo.tv\/index.php\/wp-json\/wp\/v2\/posts\/5205\/revisions"}],"predecessor-version":[{"id":5229,"href":"https:\/\/nublo.tv\/index.php\/wp-json\/wp\/v2\/posts\/5205\/revisions\/5229"}],"wp:featuredmedia":[{"embeddable":true,"href":"https:\/\/nublo.tv\/index.php\/wp-json\/wp\/v2\/media\/5206"}],"wp:attachment":[{"href":"https:\/\/nublo.tv\/index.php\/wp-json\/wp\/v2\/media?parent=5205"}],"wp:term":[{"taxonomy":"category","embeddable":true,"href":"https:\/\/nublo.tv\/index.php\/wp-json\/wp\/v2\/categories?post=5205"},{"taxonomy":"post_tag","embeddable":true,"href":"https:\/\/nublo.tv\/index.php\/wp-json\/wp\/v2\/tags?post=5205"}],"curies":[{"name":"wp","href":"https:\/\/api.w.org\/{rel}","templated":true}]}}