{"id":5207,"date":"2026-08-25T08:49:02","date_gmt":"2026-08-25T07:49:02","guid":{"rendered":"https:\/\/nublo.tv\/?p=5207"},"modified":"2026-08-25T08:49:02","modified_gmt":"2026-08-25T07:49:02","slug":"telde-traslada-recomendaciones-preventivas-a-los-vecinos-de-taliarte-con-motivo-de-los-fuegos-de-melenara","status":"publish","type":"post","link":"https:\/\/nublo.tv\/index.php\/2026\/08\/25\/telde-traslada-recomendaciones-preventivas-a-los-vecinos-de-taliarte-con-motivo-de-los-fuegos-de-melenara\/","title":{"rendered":"Telde traslada recomendaciones preventivas a los vecinos de Taliarte con motivo de los fuegos de Melenara"},"content":{"rendered":"<p>&nbsp;<\/p>\n<p align=\"justify\"><strong>Telde, 24 de agosto de 2026.-<\/strong> El Ayuntamiento de Telde ha trasladado a los vecinos y vecinas del Paseo Mar\u00edtimo de Taliarte, cuyas viviendas se encuentran m\u00e1s pr\u00f3ximas al entorno del muelle de Melenara, una serie de recomendaciones preventivas de seguridad con motivo del espect\u00e1culo pirot\u00e9cnico previsto para la noche del pr\u00f3ximo s\u00e1bado 29 de agosto, dentro de las fiestas de Melenara.<\/p>\n<p align=\"justify\">Las indicaciones responden a las medidas contempladas en el Plan de Seguridad del evento y a las recomendaciones de los servicios de seguridad y emergencias, teniendo en cuenta la proximidad de determinadas viviendas al \u00e1rea desde la que se desarrollar\u00e1 el espect\u00e1culo.<\/p>\n<p align=\"justify\">En concreto, se recomienda que entre las <strong>23.45 y las 00.45 horas aproximadamente, o hasta que finalice efectivamente el espect\u00e1culo,<\/strong> los residentes de las viviendas afectadas eviten permanecer en balcones, terrazas y azoteas. Asimismo, se aconseja mantener cerradas durante ese intervalo las ventanas y puertas orientadas hacia el exterior y evitar actividades en las zonas exteriores de las viviendas.<\/p>\n<p align=\"justify\">Se trata, recalca el Ayuntamiento, de medidas de car\u00e1cter estrictamente preventivo, incorporadas a la planificaci\u00f3n de seguridad de una celebraci\u00f3n que cada a\u00f1o re\u00fane a miles de personas en el litoral de Melenara.<\/p>\n<p><strong>Horario condicionado por la operativa de AENA<\/strong><\/p>\n<p align=\"justify\">El lanzamiento est\u00e1 previsto en torno a las <strong>00.00 horas de la madrugada del s\u00e1bado 29 al domingo 30 de agosto<\/strong>, si bien el horario es estimativo.<\/p>\n<p align=\"justify\">El comienzo depender\u00e1, entre otras circunstancias, de las indicaciones y autorizaciones operativas de AENA, dada la proximidad del aeropuerto de Gran Canaria, as\u00ed como de las condiciones de seguridad existentes en ese momento.<\/p>\n<p align=\"justify\">Desde la Concejal\u00eda de Seguridad Ciudadana, que dirige Miguel \u00c1ngel Rodr\u00edguez Marchena, se insiste en que estas indicaciones buscan \u00fanicamente reforzar la prevenci\u00f3n durante el desarrollo del espect\u00e1culo y minimizar cualquier incidencia accidental, siguiendo los protocolos establecidos para el evento.<\/p>\n<p align=\"justify\">El Ayuntamiento agradece la colaboraci\u00f3n y comprensi\u00f3n de los residentes del entorno y recuerda que la coordinaci\u00f3n entre organizaci\u00f3n, servicios de seguridad, emergencias y organismos competentes forma parte del dispositivo dise\u00f1ado para que una de las noches de mayor afluencia de las fiestas de Melenara pueda desarrollarse con las m\u00e1ximas garant\u00edas.<\/p>\n","protected":false},"excerpt":{"rendered":"<p>https:\/\/www.telde.es\/wp-content\/uploads\/2026\/08\/noticia676.jpgTelde, 24 de agosto de 2026.- El Ayuntamiento de Telde ha trasladado a los vecinos y vecinas del Paseo Mar\u00edtimo de Taliarte, cuyas viviendas se encuentran m\u00e1s pr\u00f3ximas al entorno&hellip;<\/p>\n","protected":false},"author":1,"featured_media":5208,"comment_status":"open","ping_status":"open","sticky":false,"template":"","format":"standard","meta":{"wpai_generated_summary":"","wpai_meta_description":"","footnotes":""},"categories":[140],"tags":[],"class_list":["post-5207","post","type-post","status-publish","format-standard","has-post-thumbnail","hentry","category-ayuntamiento-de-telde"],"_links":{"self":[{"href":"https:\/\/nublo.tv\/index.php\/wp-json\/wp\/v2\/posts\/5207","targetHints":{"allow":["GET"]}}],"collection":[{"href":"https:\/\/nublo.tv\/index.php\/wp-json\/wp\/v2\/posts"}],"about":[{"href":"https:\/\/nublo.tv\/index.php\/wp-json\/wp\/v2\/types\/post"}],"author":[{"embeddable":true,"href":"https:\/\/nublo.tv\/index.php\/wp-json\/wp\/v2\/users\/1"}],"replies":[{"embeddable":true,"href":"https:\/\/nublo.tv\/index.php\/wp-json\/wp\/v2\/comments?post=5207"}],"version-history":[{"count":1,"href":"https:\/\/nublo.tv\/index.php\/wp-json\/wp\/v2\/posts\/5207\/revisions"}],"predecessor-version":[{"id":5228,"href":"https:\/\/nublo.tv\/index.php\/wp-json\/wp\/v2\/posts\/5207\/revisions\/5228"}],"wp:featuredmedia":[{"embeddable":true,"href":"https:\/\/nublo.tv\/index.php\/wp-json\/wp\/v2\/media\/5208"}],"wp:attachment":[{"href":"https:\/\/nublo.tv\/index.php\/wp-json\/wp\/v2\/media?parent=5207"}],"wp:term":[{"taxonomy":"category","embeddable":true,"href":"https:\/\/nublo.tv\/index.php\/wp-json\/wp\/v2\/categories?post=5207"},{"taxonomy":"post_tag","embeddable":true,"href":"https:\/\/nublo.tv\/index.php\/wp-json\/wp\/v2\/tags?post=5207"}],"curies":[{"name":"wp","href":"https:\/\/api.w.org\/{rel}","templated":true}]}}